{"id":45026,"date":"2023-07-01T12:51:05","date_gmt":"2023-07-01T15:51:05","guid":{"rendered":"https:\/\/infovera.com.ar\/web\/?p=45026"},"modified":"2023-07-02T12:39:55","modified_gmt":"2023-07-02T15:39:55","slug":"ordenaron-la-prision-preventiva-del-policia-imputado-por-abusos-sexuales-en-san-javier","status":"publish","type":"post","link":"https:\/\/infovera.com.ar\/web\/2023\/07\/01\/ordenaron-la-prision-preventiva-del-policia-imputado-por-abusos-sexuales-en-san-javier\/","title":{"rendered":"Ordenaron la prisi\u00f3n preventiva del polic\u00eda imputado por abusos sexuales en San Javier"},"content":{"rendered":"<p>As\u00ed fue resuelto a pedido de la Fiscal\u00eda en una audiencia que se desarroll\u00f3 esta ma\u00f1ana en los tribunales de la ciudad de Santa Fe. El imputado tiene 41 a\u00f1os y las v\u00edctimas son hijas de exparejas suyas. Tambi\u00e9n es investigado por\u00a0haber\u00a0cometido\u00a0un incendio\u00a0en la sede de la Unidad Fiscal San Javier del MPA.<\/p>\n<p>Qued\u00f3 en prisi\u00f3n preventiva un\u00a0polic\u00eda\u00a0de\u00a041 a\u00f1os\u00a0al que se investiga por abusos sexuales cometidos en perjuicio de dos adolescentes\u00a0en San Javier.\u00a0Adem\u00e1s se le atribuy\u00f3 haber iniciado\u00a0un incendio en 2015 en la sede de la Unidad Fiscal San Javier del MPA,\u00a0ubicada\u00a0en\u00a0calle\u00a0Independencia al 2.200\u00a0de esa localidad.<\/p>\n<p>La medida fue ordenada por la jueza de la Investigaci\u00f3n Penal Preparatoria (IPP), Susana Luna, en una audiencia que se realiz\u00f3 esta ma\u00f1ana en los tribunales de la ciudad de Santa Fe.<\/p>\n<p>La\u00a0Unidad Fiscal San Javier est\u00e1 a cargo de la investigaci\u00f3n y solicit\u00f3 la cautelar para el imputado, cuyas iniciales son MAM. En tal sentido, se valor\u00f3 que \u201caunque la Defensa propuso alternativas no privativas de la libertad, la magistrada las consider\u00f3 insuficientes para mitigar los riesgos de fuga y de entorpecimiento probatorio\u201d.<\/p>\n<p><strong>Violencia<\/strong><\/p>\n<p>El MPA se\u00f1al\u00f3 que\u00a0\u201cel\u00a0hombre investigado\u00a0vulner\u00f3\u00a0la integridad sexual de\u00a0dos\u00a0hijas de mujeres\u00a0con las que mantuvo relaciones de pareja\u201d,\u00a0y precis\u00f3 que\u00a0\u201cuna\u00a0de las v\u00edctimas fue abusada\u00a0entre 2011 y 2014 y la otra, entre 2018 y 2020\u201d.\u00a0En ambos casos, los il\u00edcitos se enmarcaron en situaciones de convivencia.<\/p>\n<p>\u201cQuien qued\u00f3 en preventiva\u00a0agredi\u00f3 sexualmente a las\u00a0adolescentes, les tom\u00f3 fotograf\u00edas y las film\u00f3\u00a0durante\u00a0los sometimientos\u201d,\u00a0se expuso.<\/p>\n<p>Por otro lado, se plante\u00f3 que\u00a0\u201cen una ma\u00f1ana de 2015, el\u00a0polic\u00eda\u00a0intercept\u00f3 a\u00a0una de las hijas de sus exparejas\u00a0mientras caminaba sola por San Javier y la abord\u00f3 con violencia\u201d.\u00a0Al respecto, se relat\u00f3 que\u00a0\u201cla hizo caer,\u00a0le tap\u00f3 la boca, la golpe\u00f3 con sus pu\u00f1os en\u00a0diferentes partes\u00a0del cuerpo\u00a0y\u00a0le\u00a0rob\u00f3\u00a0un\u00a0tel\u00e9fono celular\u201d.<\/p>\n<p><strong>Fuego<\/strong><\/p>\n<p>En la audiencia se asegur\u00f3 que\u00a0\u201centre las 00:00 y las 6:30\u00a0del\u00a0domingo 12 de julio\u00a0de\u00a02015,\u00a0el imputado inici\u00f3 un incendio en la Unidad Fiscal San Javier del MPA\u201d, y se agreg\u00f3 que \u201ccomo resultado, se quemaron evidencias de investigaciones penales, incluidos elementos que lo incriminaban por los abusos anteriores a esa fecha\u201d.<\/p>\n<p>\u201cEl polic\u00eda\u00a0escal\u00f3\u00a0un\u00a0tapial lindero a la Fiscal\u00eda,\u00a0rompi\u00f3 una\u00a0reja que protege el techo del patio y\u00a0forz\u00f3\u00a0una\u00a0ventana de acceso a las oficinas\u201d,\u00a0se relat\u00f3. \u201cUna vez dentro,\u00a0se apoder\u00f3 de siete tel\u00e9fonos celulares; un disco r\u00edgido que extrajo de una computadora; una pistola calibre 9; un rev\u00f3lver calibre 22 y otro calibre 32; una s\u00e1bana, y una remera que estaban en la sala de efectos\u201d, se enumer\u00f3.<\/p>\n<p>Asimismo, se puntualiz\u00f3 que\u00a0\u201cel imputado\u00a0coloc\u00f3 carpetas, papeles, telas, gomaespuma y maderas\u00a0sobre el piso de la sala y\u00a0los prendi\u00f3 fuego\u201d.\u00a0En tanto,\u00a0\u201cel\u00a0foco \u00edgneo\u00a0se propag\u00f3 hacia otras\u00a0habitaciones,\u00a0lo cual gener\u00f3\u00a0da\u00f1os en\u00a0las\u00a0instalaciones de la\u00a0Fiscal\u00eda\u00a0y la\u00a0destrucci\u00f3n de\u00a0documentaci\u00f3n,\u00a0muebles\u00a0y\u00a0objetos\u00a0de uso cotidiano\u201d, se apunt\u00f3.<\/p>\n<p><strong>Amenazas y escopetas<\/strong><\/p>\n<p>El MPA\u00a0detall\u00f3 que \u201cel polic\u00eda tambi\u00e9n es investigado por haber amedrentado a una de sus exparejas y a las hijas de ella\u201d,\u00a0y se remarc\u00f3 que \u201cal hostigarlas, transgredi\u00f3\u00a0una\u00a0restricci\u00f3n de acercamiento\u201d. Asimismo, \u201cse le atribuy\u00f3 haber amenazado a su otra expareja\u201d, se a\u00f1adi\u00f3.<\/p>\n<p>Por otro lado,\u00a0al hombre que qued\u00f3 en preventiva se le endilg\u00f3 haber tenido tres escopetas en su poder\u00a0sin la debida autorizaci\u00f3n legal.<\/p>\n<p><strong>Evidencias<\/strong><\/p>\n<p>La Fiscal\u00eda destac\u00f3 que \u201cel imputado cometi\u00f3 diversos delitos de los que pudimos obtener evidencias gracias al excelente trabajo realizado por la dependencia en San Javier de la Agencia de Investigaci\u00f3n Criminal (AIC) y el \u00c1rea de Cibercrimen de la AIC que funciona en la capital provincial\u201d.<\/p>\n<p>Seg\u00fan se record\u00f3, \u201cesta semana el MPA ampli\u00f3 la atribuci\u00f3n delictiva que pesaba sobre el imputado\u201d. Al respecto, se manifest\u00f3 que \u201clas diligencias que se llevaron a cabo en funci\u00f3n de los hechos il\u00edcitos m\u00e1s recientes permitieron acceder a informaci\u00f3n relevante para avanzar en la investigaci\u00f3n en su conjunto\u201d.<\/p>\n<p><strong>Calificaci\u00f3n penal<\/strong><\/p>\n<p>Por los il\u00edcitos en contra de una de las hijas de sus exparejas, al polic\u00eda de iniciales MAM se le atribuy\u00f3 la autor\u00eda de abuso sexual con acceso carnal y abuso sexual gravemente ultrajante, ambos calificados (porque la v\u00edctima era menor de edad y conviv\u00eda con \u00e9l). Por los hechos en perjuicio de la otra, se lo investiga como autor de\u00a0abuso sexual simple calificado (por la guarda y la convivencia).<\/p>\n<p>Tambi\u00e9n se le imput\u00f3 la autor\u00eda de incendio doloso con peligro com\u00fan para los bienes; robo calificado (por haber sido cometido con escalamiento y por tratarse de un miembro de una fuerza policial); y robo calificado (por haber sido ejecutado por un polic\u00eda). A su vez, se le endilg\u00f3 la autor\u00eda de amenazas simples;\u00a0tenencia\u00a0ileg\u00edtima\u00a0de arma de fuego de uso civil,\u00a0y\u00a0desobediencia de\u00a0un\u00a0mandato judicial.<\/p>\n","protected":false},"excerpt":{"rendered":"<p>As\u00ed fue resuelto a pedido de la Fiscal\u00eda en una audiencia que se desarroll\u00f3 esta ma\u00f1ana en los tribunales de la ciudad de Santa Fe. El imputado tiene 41 a\u00f1os y las v\u00edctimas son hijas de exparejas suyas. Tambi\u00e9n es investigado por\u00a0haber\u00a0cometido\u00a0un incendio\u00a0en la sede de la Unidad Fiscal San Javier del MPA. Qued\u00f3 en [&hellip;]<\/p>\n","protected":false},"author":3,"featured_media":0,"comment_status":"closed","ping_status":"closed","sticky":false,"template":"","format":"standard","meta":{"_joinchat":[],"footnotes":""},"categories":[51,30],"tags":[],"class_list":{"0":"post-45026","1":"post","2":"type-post","3":"status-publish","4":"format-standard","6":"category-locales","7":"category-policiales"},"_links":{"self":[{"href":"https:\/\/infovera.com.ar\/web\/wp-json\/wp\/v2\/posts\/45026","targetHints":{"allow":["GET"]}}],"collection":[{"href":"https:\/\/infovera.com.ar\/web\/wp-json\/wp\/v2\/posts"}],"about":[{"href":"https:\/\/infovera.com.ar\/web\/wp-json\/wp\/v2\/types\/post"}],"author":[{"embeddable":true,"href":"https:\/\/infovera.com.ar\/web\/wp-json\/wp\/v2\/users\/3"}],"replies":[{"embeddable":true,"href":"https:\/\/infovera.com.ar\/web\/wp-json\/wp\/v2\/comments?post=45026"}],"version-history":[{"count":0,"href":"https:\/\/infovera.com.ar\/web\/wp-json\/wp\/v2\/posts\/45026\/revisions"}],"wp:attachment":[{"href":"https:\/\/infovera.com.ar\/web\/wp-json\/wp\/v2\/media?parent=45026"}],"wp:term":[{"taxonomy":"category","embeddable":true,"href":"https:\/\/infovera.com.ar\/web\/wp-json\/wp\/v2\/categories?post=45026"},{"taxonomy":"post_tag","embeddable":true,"href":"https:\/\/infovera.com.ar\/web\/wp-json\/wp\/v2\/tags?post=45026"}],"curies":[{"name":"wp","href":"https:\/\/api.w.org\/{rel}","templated":true}]}}