{"id":45023,"date":"2023-06-30T17:29:58","date_gmt":"2023-06-30T20:29:58","guid":{"rendered":"https:\/\/infovera.com.ar\/web\/?p=45023"},"modified":"2023-07-01T13:06:40","modified_gmt":"2023-07-01T16:06:40","slug":"convocatoria-para-ingresar-a-la-policia-de-santa-fe","status":"publish","type":"post","link":"https:\/\/infovera.com.ar\/web\/2023\/06\/30\/convocatoria-para-ingresar-a-la-policia-de-santa-fe\/","title":{"rendered":"Convocatoria para ingresar a la Polic\u00eda de Santa Fe"},"content":{"rendered":"<p>Instituto de Seguridad P\u00fablica de la Provincia de Santa Fe (I.Se.P), informa que desde el d\u00eda 1 de julio de 2023, se encontrar\u00e1 abierta la inscripci\u00f3n a la carrera de T\u00e9cnico Superior en Seguridad P\u00fablica y Ciudadana, a los efectos de ingresar a las filas de la Polic\u00eda de la Provincia de Santa Fe en el grado de Suboficial, Escalaf\u00f3n General, Subescalaf\u00f3n Seguridad.<\/p>\n<p>La tecnicatura es una carrera de tres a\u00f1os y los dos primeros son de cursado presencial bajo r\u00e9gimen externo en la ciudad de Recreo y Rosario. Una vez finalizado y aprobado el segundo a\u00f1o, se obtiene el t\u00edtulo intermedio provincial de &#8220;Auxiliar en Seguridad&#8221;, que permite ingresar a la Polic\u00eda de la Provincia de Santa Fe. Adem\u00e1s obtiene el t\u00edtulo nacional de \u201cAgente de Calle\u201d. Luego de haber prestado dos a\u00f1os de servicio activo en la Polic\u00eda, se debe cursar y aprobar el tercer a\u00f1o para graduarse de T\u00e9cnico Superior en Seguridad P\u00fablica y Ciudadana.<\/p>\n<p>Para m\u00e1s info ingresa en https:\/\/isepsantafe.edu.ar\/<\/p>\n","protected":false},"excerpt":{"rendered":"<p>Instituto de Seguridad P\u00fablica de la Provincia de Santa Fe (I.Se.P), informa que desde el d\u00eda 1 de julio de 2023, se encontrar\u00e1 abierta la inscripci\u00f3n a la carrera de T\u00e9cnico Superior en Seguridad P\u00fablica y Ciudadana, a los efectos de ingresar a las filas de la Polic\u00eda de la Provincia de Santa Fe en [&hellip;]<\/p>\n","protected":false},"author":3,"featured_media":45024,"comment_status":"closed","ping_status":"closed","sticky":false,"template":"","format":"standard","meta":{"_joinchat":[],"footnotes":""},"categories":[60],"tags":[],"class_list":{"0":"post-45023","1":"post","2":"type-post","3":"status-publish","4":"format-standard","5":"has-post-thumbnail","7":"category-provinciales"},"_links":{"self":[{"href":"https:\/\/infovera.com.ar\/web\/wp-json\/wp\/v2\/posts\/45023","targetHints":{"allow":["GET"]}}],"collection":[{"href":"https:\/\/infovera.com.ar\/web\/wp-json\/wp\/v2\/posts"}],"about":[{"href":"https:\/\/infovera.com.ar\/web\/wp-json\/wp\/v2\/types\/post"}],"author":[{"embeddable":true,"href":"https:\/\/infovera.com.ar\/web\/wp-json\/wp\/v2\/users\/3"}],"replies":[{"embeddable":true,"href":"https:\/\/infovera.com.ar\/web\/wp-json\/wp\/v2\/comments?post=45023"}],"version-history":[{"count":0,"href":"https:\/\/infovera.com.ar\/web\/wp-json\/wp\/v2\/posts\/45023\/revisions"}],"wp:featuredmedia":[{"embeddable":true,"href":"https:\/\/infovera.com.ar\/web\/wp-json\/wp\/v2\/media\/45024"}],"wp:attachment":[{"href":"https:\/\/infovera.com.ar\/web\/wp-json\/wp\/v2\/media?parent=45023"}],"wp:term":[{"taxonomy":"category","embeddable":true,"href":"https:\/\/infovera.com.ar\/web\/wp-json\/wp\/v2\/categories?post=45023"},{"taxonomy":"post_tag","embeddable":true,"href":"https:\/\/infovera.com.ar\/web\/wp-json\/wp\/v2\/tags?post=45023"}],"curies":[{"name":"wp","href":"https:\/\/api.w.org\/{rel}","templated":true}]}}