{"id":45014,"date":"2023-06-30T10:33:00","date_gmt":"2023-06-30T13:33:00","guid":{"rendered":"https:\/\/infovera.com.ar\/web\/?p=45014"},"modified":"2023-07-01T13:08:35","modified_gmt":"2023-07-01T16:08:35","slug":"vera-vendia-por-whatsapp-herramientas-robadas-y-fue-aprehendido","status":"publish","type":"post","link":"https:\/\/infovera.com.ar\/web\/2023\/06\/30\/vera-vendia-por-whatsapp-herramientas-robadas-y-fue-aprehendido\/","title":{"rendered":"Vera: vend\u00eda por WhatsApp herramientas robadas y fue aprehendido"},"content":{"rendered":"<p><strong>La Guardia Rural \u201cLos Pumas\u201d de Vera esclareci\u00f3 un hecho de hurto simple.\u00a0El imputado result\u00f3 ser un vecino verense.<\/strong><\/p>\n<p>Personal policial de la Secci\u00f3n N\u00b0 19, con asiento en la ciudad de Vera, se aboc\u00f3 a<br \/>\ntareas investigativas a ra\u00edz denuncia radicado por un hombre por la<br \/>\nfaltante de varios elementos, manifestando que recibi\u00f3 un llamado an\u00f3nimo anotici\u00e1ndolo<br \/>\nque una persona estar\u00eda ofreciendo por WhatsApp los elementos que le hab\u00edan sido sustra\u00eddos, haciendo circular fotos de los mismos a los cuales reconoci\u00f3 como los denunciados.<\/p>\n<p>R\u00e1pidamente, con el recaudo de informaci\u00f3n suficiente, con la intervenci\u00f3n y por orden del<br \/>\nfiscal en turno, los rurales realizaron allanamiento con la colaboraci\u00f3n de Secci\u00f3n Veterinaria yRemonta de la D.G.S.R. \u201cLos Pumas \u201c en el domicilio particular del involucrado, ubicado en zona urbana de la ciudad de Vera, lugar donde procedieron al secuestro preventivo de:<\/p>\n<p>(01) llave de ca\u00f1o, (01) cuchilla marca encina, (09) llaves de boca de distintas marcas y medidas, (01) tenaza, (01) destornillador, (01) llave pulciana, (01) manopla de amoladora,<br \/>\n(01) llave pico loro.<\/p>\n<p>Al consultarle por el origen de los elementos que ten\u00eda en su poder, no<br \/>\nsupo justificar procedencia, por lo que personal policial procede a la aprehensi\u00f3n del<br \/>\nmismo y traslado del procedimiento a la secci\u00f3n para mayor celeridad.<\/p>\n<p>Seguidamente, se hizo presente el denunciante reconociendo los elementos sustra\u00eddos a quien entregaron los mismos en car\u00e1cter definitivo.<\/p>\n<p>El fiscal interviniente dispuso la formaci\u00f3n de causa al sujeto por hurto simple; luego, recuper\u00f3 la libertad.<\/p>\n","protected":false},"excerpt":{"rendered":"<p>La Guardia Rural \u201cLos Pumas\u201d de Vera esclareci\u00f3 un hecho de hurto simple.\u00a0El imputado result\u00f3 ser un vecino verense. Personal policial de la Secci\u00f3n N\u00b0 19, con asiento en la ciudad de Vera, se aboc\u00f3 a tareas investigativas a ra\u00edz denuncia radicado por un hombre por la faltante de varios elementos, manifestando que recibi\u00f3 un [&hellip;]<\/p>\n","protected":false},"author":3,"featured_media":45015,"comment_status":"closed","ping_status":"closed","sticky":false,"template":"","format":"standard","meta":{"_joinchat":[],"footnotes":""},"categories":[30,53],"tags":[],"class_list":{"0":"post-45014","1":"post","2":"type-post","3":"status-publish","4":"format-standard","5":"has-post-thumbnail","7":"category-policiales","8":"category-vera"},"_links":{"self":[{"href":"https:\/\/infovera.com.ar\/web\/wp-json\/wp\/v2\/posts\/45014","targetHints":{"allow":["GET"]}}],"collection":[{"href":"https:\/\/infovera.com.ar\/web\/wp-json\/wp\/v2\/posts"}],"about":[{"href":"https:\/\/infovera.com.ar\/web\/wp-json\/wp\/v2\/types\/post"}],"author":[{"embeddable":true,"href":"https:\/\/infovera.com.ar\/web\/wp-json\/wp\/v2\/users\/3"}],"replies":[{"embeddable":true,"href":"https:\/\/infovera.com.ar\/web\/wp-json\/wp\/v2\/comments?post=45014"}],"version-history":[{"count":0,"href":"https:\/\/infovera.com.ar\/web\/wp-json\/wp\/v2\/posts\/45014\/revisions"}],"wp:featuredmedia":[{"embeddable":true,"href":"https:\/\/infovera.com.ar\/web\/wp-json\/wp\/v2\/media\/45015"}],"wp:attachment":[{"href":"https:\/\/infovera.com.ar\/web\/wp-json\/wp\/v2\/media?parent=45014"}],"wp:term":[{"taxonomy":"category","embeddable":true,"href":"https:\/\/infovera.com.ar\/web\/wp-json\/wp\/v2\/categories?post=45014"},{"taxonomy":"post_tag","embeddable":true,"href":"https:\/\/infovera.com.ar\/web\/wp-json\/wp\/v2\/tags?post=45014"}],"curies":[{"name":"wp","href":"https:\/\/api.w.org\/{rel}","templated":true}]}}