{"id":45010,"date":"2023-06-30T10:21:59","date_gmt":"2023-06-30T13:21:59","guid":{"rendered":"https:\/\/infovera.com.ar\/web\/?p=45010"},"modified":"2023-07-01T13:09:07","modified_gmt":"2023-07-01T16:09:07","slug":"aporte-para-comenzar-a-sanear-la-cava-municipal","status":"publish","type":"post","link":"https:\/\/infovera.com.ar\/web\/2023\/06\/30\/aporte-para-comenzar-a-sanear-la-cava-municipal\/","title":{"rendered":"Aporte para comenzar a sanear la cava municipal"},"content":{"rendered":"<p>La intendente Paula Mitre, acompa\u00f1ada por el senador Osvaldo Sosa y la secretaria de Obras y Servicios P\u00fablicos, Guillermina Alb\u00e1n, anunci\u00f3 la recepci\u00f3n de $ 3.840.000 del Ministerio de Medio Ambiente y Cambio Clim\u00e1tico para ser invertidos en el basural a cielo abierto.<\/p>\n<p>Mitre reconoci\u00f3 el acompa\u00f1amiento del senador Osvaldo Sosa para compartir este anuncio que va a comenzar a dar respuesta a una problem\u00e1tica social.<\/p>\n<p>Sosa, como part\u00edcipe de la gesti\u00f3n, record\u00f3 que en la visita de la ministra de Medio Ambiente Erika Gonnet se concibi\u00f3 la idea de implementar un proyecto que requerir\u00e1 el trabajo de una m\u00e1quina especial para intervenir el terreno y mover la basura que por ahora est\u00e1 a granel.<\/p>\n<p>As\u00ed mismo destac\u00f3 la iniciativa de la intendente Paula Mitre y la predisposici\u00f3n del gobernador Omar Perotti, que le dio curso al proyecto, para empezar a encontrar la soluci\u00f3n\u00a0 a un problema que viene desde hace tiempo y creemos que este es el momento.<\/p>\n<p>En cuanto a la intervenci\u00f3n que se har\u00e1 en el lugar, la secretaria Guillermina Alb\u00e1n explic\u00f3 que la tarea requiere contar con una retroexcavadora montada sobre oruga para separar los residuos que se encuentran en la superficie para trasladarlo a la cava, lo que se complementar\u00e1 con una pala frontal que se encargar\u00e1 de nivelar el terreno con tierra.<\/p>\n<p>Tambi\u00e9n adelant\u00f3 que el proyecto contempla la instalaci\u00f3n de 4 puntos verdes en distintos lugares de la ciudad; se trata de contenedores con divisores internos para que el vecino deposite en forma separada todo lo que sea pl\u00e1stico, vidrio, aluminio, cart\u00f3n y papel.; como una forma pr\u00e1ctica de implementar la separaci\u00f3n en origen y la recolecci\u00f3n diferenciada.<\/p>\n<p>Esto tambi\u00e9n va a requerir un cambio cultural que se promover\u00e1 desde el municipio a trav\u00e9s de la educaci\u00f3n formal en las escuelas y una fuerte campa\u00f1a informativa a trav\u00e9s de los medios y las redes sociales.<\/p>\n<p>Tanto el senador Sosa como la intendente Mitre coincidieron en que la pol\u00edtica bien entendida es la que se practica en conjunto priorizando el bien com\u00fan.<\/p>\n<p>\u201cEstas gestiones que estamos haciendo en distintos proyectos indica un cambio que los verenses hemos realizado, tal vez apurado por las necesidades, pero que nos est\u00e1 dando buenos resultados\u201d, se\u00f1al\u00f3 el legislador\u00a0 que cerr\u00f3 con una afirmaci\u00f3n que grafica la buena relaci\u00f3n entre los distintos sectores porque \u201cantes hab\u00eda un pueblo que estaba en contra de lo que propon\u00eda cualquiera y hoy est\u00e1 a favor de los que proponemos todos\u201d.<\/p>\n","protected":false},"excerpt":{"rendered":"<p>La intendente Paula Mitre, acompa\u00f1ada por el senador Osvaldo Sosa y la secretaria de Obras y Servicios P\u00fablicos, Guillermina Alb\u00e1n, anunci\u00f3 la recepci\u00f3n de $ 3.840.000 del Ministerio de Medio Ambiente y Cambio Clim\u00e1tico para ser invertidos en el basural a cielo abierto. Mitre reconoci\u00f3 el acompa\u00f1amiento del senador Osvaldo Sosa para compartir este anuncio [&hellip;]<\/p>\n","protected":false},"author":3,"featured_media":45011,"comment_status":"closed","ping_status":"closed","sticky":false,"template":"","format":"standard","meta":{"_joinchat":[],"footnotes":""},"categories":[53],"tags":[],"class_list":{"0":"post-45010","1":"post","2":"type-post","3":"status-publish","4":"format-standard","5":"has-post-thumbnail","7":"category-vera"},"_links":{"self":[{"href":"https:\/\/infovera.com.ar\/web\/wp-json\/wp\/v2\/posts\/45010","targetHints":{"allow":["GET"]}}],"collection":[{"href":"https:\/\/infovera.com.ar\/web\/wp-json\/wp\/v2\/posts"}],"about":[{"href":"https:\/\/infovera.com.ar\/web\/wp-json\/wp\/v2\/types\/post"}],"author":[{"embeddable":true,"href":"https:\/\/infovera.com.ar\/web\/wp-json\/wp\/v2\/users\/3"}],"replies":[{"embeddable":true,"href":"https:\/\/infovera.com.ar\/web\/wp-json\/wp\/v2\/comments?post=45010"}],"version-history":[{"count":0,"href":"https:\/\/infovera.com.ar\/web\/wp-json\/wp\/v2\/posts\/45010\/revisions"}],"wp:featuredmedia":[{"embeddable":true,"href":"https:\/\/infovera.com.ar\/web\/wp-json\/wp\/v2\/media\/45011"}],"wp:attachment":[{"href":"https:\/\/infovera.com.ar\/web\/wp-json\/wp\/v2\/media?parent=45010"}],"wp:term":[{"taxonomy":"category","embeddable":true,"href":"https:\/\/infovera.com.ar\/web\/wp-json\/wp\/v2\/categories?post=45010"},{"taxonomy":"post_tag","embeddable":true,"href":"https:\/\/infovera.com.ar\/web\/wp-json\/wp\/v2\/tags?post=45010"}],"curies":[{"name":"wp","href":"https:\/\/api.w.org\/{rel}","templated":true}]}}