{"id":44914,"date":"2023-06-27T11:56:21","date_gmt":"2023-06-27T14:56:21","guid":{"rendered":"https:\/\/infovera.com.ar\/web\/?p=44914"},"modified":"2023-06-27T19:54:53","modified_gmt":"2023-06-27T22:54:53","slug":"armas-y-40-kilos-de-cocaina-se-entrego-el-ultimo-profugo-de-la-causa-viernes-blanco","status":"publish","type":"post","link":"https:\/\/infovera.com.ar\/web\/2023\/06\/27\/armas-y-40-kilos-de-cocaina-se-entrego-el-ultimo-profugo-de-la-causa-viernes-blanco\/","title":{"rendered":"Armas y 40 kilos de coca\u00edna: se entreg\u00f3 el \u00faltimo pr\u00f3fugo de la causa &#8220;Viernes Blanco&#8221;"},"content":{"rendered":"<p>En horas de la ma\u00f1ana del unes el Dr. Sixto Gonz\u00e1lez junto a su par rosarino Dr. Roque Bustos Fern\u00e1ndez, pusieron a disposici\u00f3n de la justicia al \u00faltimo pr\u00f3fugo existente en la causa \u201cViernes Blanco\u201d, investigaci\u00f3n que deriv\u00f3 en m\u00faltiples allanamientos en la ciudad de Rosario y que se produjeran el pasado 23 de abril con secuestro de 40 kilos de coca\u00edna y armas.<\/p>\n<p>Se trata de Cristian \u201cRasta\u201d Cuesta quien qued\u013a a disposici\u00f3n del Juzgado Federal Sala 3 de esa urbe santafesina.<\/p>\n<p>Al ser consultados por este medio, los letrados confiaron que la imputaci\u00f3n por la que fuera indagado el \u201cRasta\u201d no tiene sustento f\u00e1ctico y consideraron factible su libertad en los pr\u00f3ximos d\u00edas.<\/p>\n<p>Su estado de escapismo a la persecuci\u00f3n de la Justicia no respond\u00eda a visos de culpabilidad, sino m\u00e1s bien a un mal desempe\u00f1o estrat\u00e9gico de su asistencia anterior.<\/p>\n<p>Cuesta dej\u00f3 m\u00e1s que clara su supuesta inocencia respecto a las atribuciones delictuales contempladas en los art\u00edculos 5 y 7 de la Ley 23.737 y de &#8220;contundendentes y probadas respuestas a inquiriosas preguntas , no se pudo quebrantar el in dubio pro reo que nuestra Constituci\u00f3n Nacional enarbola&#8221;, precis\u00f3 Gomz\u00e1lez.<\/p>\n","protected":false},"excerpt":{"rendered":"<p>En horas de la ma\u00f1ana del unes el Dr. Sixto Gonz\u00e1lez junto a su par rosarino Dr. Roque Bustos Fern\u00e1ndez, pusieron a disposici\u00f3n de la justicia al \u00faltimo pr\u00f3fugo existente en la causa \u201cViernes Blanco\u201d, investigaci\u00f3n que deriv\u00f3 en m\u00faltiples allanamientos en la ciudad de Rosario y que se produjeran el pasado 23 de abril [&hellip;]<\/p>\n","protected":false},"author":3,"featured_media":44915,"comment_status":"closed","ping_status":"closed","sticky":false,"template":"","format":"standard","meta":{"_joinchat":[],"footnotes":""},"categories":[60],"tags":[],"class_list":{"0":"post-44914","1":"post","2":"type-post","3":"status-publish","4":"format-standard","5":"has-post-thumbnail","7":"category-provinciales"},"_links":{"self":[{"href":"https:\/\/infovera.com.ar\/web\/wp-json\/wp\/v2\/posts\/44914","targetHints":{"allow":["GET"]}}],"collection":[{"href":"https:\/\/infovera.com.ar\/web\/wp-json\/wp\/v2\/posts"}],"about":[{"href":"https:\/\/infovera.com.ar\/web\/wp-json\/wp\/v2\/types\/post"}],"author":[{"embeddable":true,"href":"https:\/\/infovera.com.ar\/web\/wp-json\/wp\/v2\/users\/3"}],"replies":[{"embeddable":true,"href":"https:\/\/infovera.com.ar\/web\/wp-json\/wp\/v2\/comments?post=44914"}],"version-history":[{"count":0,"href":"https:\/\/infovera.com.ar\/web\/wp-json\/wp\/v2\/posts\/44914\/revisions"}],"wp:featuredmedia":[{"embeddable":true,"href":"https:\/\/infovera.com.ar\/web\/wp-json\/wp\/v2\/media\/44915"}],"wp:attachment":[{"href":"https:\/\/infovera.com.ar\/web\/wp-json\/wp\/v2\/media?parent=44914"}],"wp:term":[{"taxonomy":"category","embeddable":true,"href":"https:\/\/infovera.com.ar\/web\/wp-json\/wp\/v2\/categories?post=44914"},{"taxonomy":"post_tag","embeddable":true,"href":"https:\/\/infovera.com.ar\/web\/wp-json\/wp\/v2\/tags?post=44914"}],"curies":[{"name":"wp","href":"https:\/\/api.w.org\/{rel}","templated":true}]}}