{"id":44894,"date":"2023-06-26T13:47:59","date_gmt":"2023-06-26T16:47:59","guid":{"rendered":"https:\/\/infovera.com.ar\/web\/?p=44894"},"modified":"2023-06-26T13:47:59","modified_gmt":"2023-06-26T16:47:59","slug":"vialidad-nacional-finaliza-la-reconstruccion-de-la-rn-95-en-villa-minetti","status":"publish","type":"post","link":"https:\/\/infovera.com.ar\/web\/2023\/06\/26\/vialidad-nacional-finaliza-la-reconstruccion-de-la-rn-95-en-villa-minetti\/","title":{"rendered":"Vialidad Nacional finaliza la reconstrucci\u00f3n de la RN 95 en Villa Minetti"},"content":{"rendered":"<p><strong>El 7\u00ba Distrito Santa Fe de Vialidad Nacional supervisa la etapa final en la recuperaci\u00f3n completa de 14 kil\u00f3metros de la Ruta Nacional N\u00ba 95, entre San Bernardo y Villa Minetti. <\/strong><\/p>\n<p>Con la reconstrucci\u00f3n de la base del camino finalizada, el frente de trabajo avanza esta semana al norte de Villa Minetti, con la colocaci\u00f3n de la base del nuevo concreto asf\u00e1ltico sobre el \u00faltimo trayecto por pavimentar. De este modo, de mediar buenas condiciones de tiempo, para el fin de semana pr\u00f3ximo todo el tramo quedar\u00eda pavimentado para permitir la transitabilidad sin desv\u00edos ni trayectos deteriorados.<\/p>\n<p>Paralelamente, entre otras tareas complementarias se suman la colocaci\u00f3n de barandas met\u00e1licas de protecci\u00f3n en alcantarillas y en el empalme con los accesos a San Bernardo y a Villa Minetti. Tambi\u00e9n se prosigue con el recalce de banquinas, a la par del nuevo pavimento, aspecto de la obra que comprende la compactaci\u00f3n y perfilado a ambos lados de la nueva calzada. Todo el sector recuperado quedar\u00e1 con una demarcaci\u00f3n horizontal provisoria hasta el pintado definitivo de las l\u00edneas de borde y de eje con material reflectivo una vez culminada la \u00faltima capa de la ruta.<\/p>\n<p>Cabe recordar que el contrato en marcha representa una inversi\u00f3n por parte del Ministerio de Obras P\u00fablicas de la Naci\u00f3n de $ 1.533 millones. De este monto, Vialidad Nacional ha certificado trabajos por $ 1.225 millones, por lo que la obra alcanza un ochenta por ciento de avance.<\/p>\n<p>Al respecto, se destaca que la finalizaci\u00f3n de la mejora se planifica para los primeros d\u00edas de agosto, con la pavimentaci\u00f3n completa de la carpeta final de rodamiento. Actualmente, una tercera parte de los 14 kil\u00f3metros mejorados cuenta con esta \u00faltima capa de 5 cent\u00edmetros de espesor culminada. A ello se suma el ensanche de la ruta a 7,30 metros, adaptada al resto de la Ruta 95, reconstruida por Vialidad Nacional en obras anteriores.<\/p>\n","protected":false},"excerpt":{"rendered":"<p>El 7\u00ba Distrito Santa Fe de Vialidad Nacional supervisa la etapa final en la recuperaci\u00f3n completa de 14 kil\u00f3metros de la Ruta Nacional N\u00ba 95, entre San Bernardo y Villa Minetti. Con la reconstrucci\u00f3n de la base del camino finalizada, el frente de trabajo avanza esta semana al norte de Villa Minetti, con la colocaci\u00f3n [&hellip;]<\/p>\n","protected":false},"author":3,"featured_media":44895,"comment_status":"closed","ping_status":"closed","sticky":false,"template":"","format":"standard","meta":{"_joinchat":[],"footnotes":""},"categories":[61],"tags":[],"class_list":{"0":"post-44894","1":"post","2":"type-post","3":"status-publish","4":"format-standard","5":"has-post-thumbnail","7":"category-regionales"},"_links":{"self":[{"href":"https:\/\/infovera.com.ar\/web\/wp-json\/wp\/v2\/posts\/44894","targetHints":{"allow":["GET"]}}],"collection":[{"href":"https:\/\/infovera.com.ar\/web\/wp-json\/wp\/v2\/posts"}],"about":[{"href":"https:\/\/infovera.com.ar\/web\/wp-json\/wp\/v2\/types\/post"}],"author":[{"embeddable":true,"href":"https:\/\/infovera.com.ar\/web\/wp-json\/wp\/v2\/users\/3"}],"replies":[{"embeddable":true,"href":"https:\/\/infovera.com.ar\/web\/wp-json\/wp\/v2\/comments?post=44894"}],"version-history":[{"count":0,"href":"https:\/\/infovera.com.ar\/web\/wp-json\/wp\/v2\/posts\/44894\/revisions"}],"wp:featuredmedia":[{"embeddable":true,"href":"https:\/\/infovera.com.ar\/web\/wp-json\/wp\/v2\/media\/44895"}],"wp:attachment":[{"href":"https:\/\/infovera.com.ar\/web\/wp-json\/wp\/v2\/media?parent=44894"}],"wp:term":[{"taxonomy":"category","embeddable":true,"href":"https:\/\/infovera.com.ar\/web\/wp-json\/wp\/v2\/categories?post=44894"},{"taxonomy":"post_tag","embeddable":true,"href":"https:\/\/infovera.com.ar\/web\/wp-json\/wp\/v2\/tags?post=44894"}],"curies":[{"name":"wp","href":"https:\/\/api.w.org\/{rel}","templated":true}]}}