{"id":44869,"date":"2023-06-25T16:39:16","date_gmt":"2023-06-25T19:39:16","guid":{"rendered":"https:\/\/infovera.com.ar\/web\/?p=44869"},"modified":"2023-06-28T12:59:45","modified_gmt":"2023-06-28T15:59:45","slug":"detuvieron-a-un-sujeto-que-intento-robar-en-una-casa-de-vera","status":"publish","type":"post","link":"https:\/\/infovera.com.ar\/web\/2023\/06\/25\/detuvieron-a-un-sujeto-que-intento-robar-en-una-casa-de-vera\/","title":{"rendered":"Detuvieron a un sujeto que intent\u00f3 robar en una casa de Vera"},"content":{"rendered":"<p><strong>Hab\u00eda ingresado al patio de una vivienda en Mitre y Corrientes.<\/strong><\/p>\n<p>A las 3:30 de la madrugada del s\u00e1bado, efectivos del Comando Radioel\u00e9ctrico fueron comisionados por la operadora en turno a la intersecci\u00f3n de calles Mitre y Corrientes.<\/p>\n<p>En ese lugar, una mujer de 38 a\u00f1os solicitaba la presencia policial a ra\u00edz de notar una persona en el interior del patio de su vivienda con elementos de su propiedad, y que al advertir su presencia se dio a la fuga.<\/p>\n<p>Inmediatamente, los funcionarios policiales de patrullajes efectuados logran individualizar al sujeto quien fue trasladado a sede policial -identificado, mayor de edad- en calidad de aprehendido.<\/p>\n<p>Qued\u00f3 alojado en la alcaid\u00eda.<\/p>\n","protected":false},"excerpt":{"rendered":"<p>Hab\u00eda ingresado al patio de una vivienda en Mitre y Corrientes. A las 3:30 de la madrugada del s\u00e1bado, efectivos del Comando Radioel\u00e9ctrico fueron comisionados por la operadora en turno a la intersecci\u00f3n de calles Mitre y Corrientes. En ese lugar, una mujer de 38 a\u00f1os solicitaba la presencia policial a ra\u00edz de notar una [&hellip;]<\/p>\n","protected":false},"author":3,"featured_media":31580,"comment_status":"closed","ping_status":"closed","sticky":false,"template":"","format":"standard","meta":{"_joinchat":[],"footnotes":""},"categories":[30,53],"tags":[],"class_list":{"0":"post-44869","1":"post","2":"type-post","3":"status-publish","4":"format-standard","5":"has-post-thumbnail","7":"category-policiales","8":"category-vera"},"_links":{"self":[{"href":"https:\/\/infovera.com.ar\/web\/wp-json\/wp\/v2\/posts\/44869","targetHints":{"allow":["GET"]}}],"collection":[{"href":"https:\/\/infovera.com.ar\/web\/wp-json\/wp\/v2\/posts"}],"about":[{"href":"https:\/\/infovera.com.ar\/web\/wp-json\/wp\/v2\/types\/post"}],"author":[{"embeddable":true,"href":"https:\/\/infovera.com.ar\/web\/wp-json\/wp\/v2\/users\/3"}],"replies":[{"embeddable":true,"href":"https:\/\/infovera.com.ar\/web\/wp-json\/wp\/v2\/comments?post=44869"}],"version-history":[{"count":0,"href":"https:\/\/infovera.com.ar\/web\/wp-json\/wp\/v2\/posts\/44869\/revisions"}],"wp:featuredmedia":[{"embeddable":true,"href":"https:\/\/infovera.com.ar\/web\/wp-json\/wp\/v2\/media\/31580"}],"wp:attachment":[{"href":"https:\/\/infovera.com.ar\/web\/wp-json\/wp\/v2\/media?parent=44869"}],"wp:term":[{"taxonomy":"category","embeddable":true,"href":"https:\/\/infovera.com.ar\/web\/wp-json\/wp\/v2\/categories?post=44869"},{"taxonomy":"post_tag","embeddable":true,"href":"https:\/\/infovera.com.ar\/web\/wp-json\/wp\/v2\/tags?post=44869"}],"curies":[{"name":"wp","href":"https:\/\/api.w.org\/{rel}","templated":true}]}}