{"id":44845,"date":"2023-06-23T17:41:25","date_gmt":"2023-06-23T20:41:25","guid":{"rendered":"https:\/\/infovera.com.ar\/web\/?p=44845"},"modified":"2023-06-23T17:42:12","modified_gmt":"2023-06-23T20:42:12","slug":"avioneta-narco-en-san-justo-comenzo-el-juicio-al-pulga-casco-y-lorena-melgarejo","status":"publish","type":"post","link":"https:\/\/infovera.com.ar\/web\/2023\/06\/23\/avioneta-narco-en-san-justo-comenzo-el-juicio-al-pulga-casco-y-lorena-melgarejo\/","title":{"rendered":"Avioneta narco en San Justo: comenz\u00f3 el juicio al &#8220;Pulga&#8221; Casco y Lorena Melgarejo"},"content":{"rendered":"<p><strong>La pareja se mantuvo pr\u00f3fuga durante un a\u00f1o y medio, luego de que en febrero de 2020 apareciera en un campo de San Justo una aeronave que, seg\u00fan la acusaci\u00f3n, trasladaba droga desde Paraguay.<\/strong><\/p>\n<p>El Tribunal Oral en lo Criminal Federal de Santa Fe comenz\u00f3 a juzgar al \u201cPulga\u201d Casco y a su pareja por la causa que inici\u00f3 con la aparici\u00f3n de una avioneta narco en un campo de Nar\u00e9 (departamento San Justo) en febrero de 2020. El debate, a cargo de los Jueces Germ\u00e1n Sutter Schneider, Luciano Homero Laur\u00eda y Jos\u00e9 Mar\u00eda Escobar Cello, inici\u00f3 este jueves.<\/p>\n<p>La acusaci\u00f3n promovida por el Fiscal General Mart\u00edn Su\u00e1rez Faisal contra Claudio Andr\u00e9s \u201cPulga\u201d Casco (48) y Lorena Guadalupe Melgarejo (46) es por los delitos de \u201corganizaci\u00f3n del tr\u00e1fico de estupefacientes y transporte de estupefacientes, agravados por la participaci\u00f3n de tres o m\u00e1s personas\u201d. A esto se le suma el \u201clavado de activos\u201d, que involucra tambi\u00e9n a Luis \u00c1ngel Bergallo hijo (34), y el \u201cuso ilegal del DNI perteneciente a otra persona\u201d, delito atribuido \u00fanicamente a Casco.<\/p>\n<p>Las defensas est\u00e1n a cargo de los abogados particulares Hilda Am\u00e9rica Knaeblein -por el \u201cPulga\u201d-, Sebasti\u00e1n Gervasoni -por Melgarejo- y Mar\u00eda de los \u00c1ngeles Celada -por Bergallo-. El matrimonio participa del juicio de manera remota, desde el Penal en el que se encuentran desde su captura en julio de 2022 en Chaco, mientras que Bergallo acude de forma presencial.<\/p>\n<p>Tanto el \u201cPulga\u201d Casco como Melgarejo participan del juicio de forma remota, desde su lugar de detenci\u00f3n.<\/p>\n<p><strong>Avioneta narco<\/strong><\/p>\n<p>Casco y Melgarejo est\u00e1n acusados de haber organizado la llegada a Santa Fe de un cargamento de estupefacientes proveniente de Paraguay. El mismo fue trasladado en una avioneta, que no logr\u00f3 llegar a destino, estrell\u00e1ndose en un campo de Nar\u00e9 el 22 de febrero de 2020.<\/p>\n<p>Tras este imprevisto, el matrimonio habr\u00eda trasladado el cargamento, con colaboraci\u00f3n de otros dos hombres. Utilizando dos veh\u00edculos, un Fiat Palio azul y un Ford Focus rojo, movieron las drogas desde esa zona rural hasta dos inmuebles de la ciudad de Santa Fe.<\/p>\n<p>Luego, el matrimonio se dio a la fuga, abandonando su hogar y dejando a cargo de sus tres hijos a la madre de Melgarejo. Mantuvieron comunicaciones con ella, un hermano de Casco y dos persona m\u00e1s, instruy\u00e9ndolos acerca de la crianza de los ni\u00f1os y se\u00f1al\u00e1ndoles hacia qu\u00e9 inmuebles trasladarlos.<\/p>\n<p><strong>DNI trucho y lavado de dinero<\/strong><\/p>\n<p>La acusaci\u00f3n fiscal tambi\u00e9n se\u00f1ala que tanto Casco como Melgarejo organizaron el comercio de estupefacientes en la capital provincial por tiempo indeterminado, hasta su detenci\u00f3n en julio del a\u00f1o pasado en un hotel de Chaco. Para hospedarse all\u00ed, el \u201cPulga\u201d utiliz\u00f3 el DNI de Cristian \u201cOreja\u201d Torres, detenido en 2021 por el transporte de coca\u00edna desde Santa Fe a la Patagonia. Seg\u00fan se\u00f1al\u00f3 el primer testigo en declarar en el juicio, un comisario que particip\u00f3 del operativo en el que se logr\u00f3 localizar y detener al matrimonio, el \u201cPulga\u201d le pag\u00f3 el abogado al \u201cOreja\u201d.<\/p>\n<p>La acusaci\u00f3n restante, el lavado de activos provenientes del narcotr\u00e1fico, involucra tanto al matrimonio como a Bergallo -hijo del \u201cCoco\u201d Bergallo, un jefe narco que en 2017 fue precandidato a concejal-. En concreto, la fiscal\u00eda se\u00f1al\u00f3 que el 30 de octubre de 2020 Bergallo adquiri\u00f3 un Renault Fluence perteneciente a la pareja, conociendo su procedencia delictiva.<\/p>\n<p><strong>Las declaraciones<\/strong><\/p>\n<p>Previo a comenzar a escuchar a los testigos, el tribunal dio lugar a las declaraciones indagatorias en juicio. El \u201cPulga\u201d Casco decidi\u00f3 no hablar, comportamiento que mantuvo desde el momento de su detenci\u00f3n. Bergallo hijo s\u00ed declar\u00f3, limit\u00e1ndose a decir que es inocente y que \u201cyo no compr\u00e9 el auto, lo compr\u00f3 mi esposa\u201d.<\/p>\n<p>Melgarejo no declar\u00f3, pero como s\u00ed lo hizo durante el proceso, se dio lectura a lo que manifest\u00f3 en julio de 2022. En esa oportunidad, se\u00f1al\u00f3 ser v\u00edctima de violencia de g\u00e9nero, dijo que fue obligada a abandonar a sus hijos y profugarse junto a Casco y que ella no hab\u00eda intervenido en el traslado del cargamento de la avioneta: \u201cEse d\u00eda se fue con dos, lleg\u00f3 de noche y me dijo \u2018nos tenemos que ir\u2019\u201d.<\/p>\n<p>Adem\u00e1s, declar\u00f3 que Casco \u201cme mandaba a hacer las cosas y yo ten\u00eda que obedecer\u201d, y dijo tener miedo tanto por ella como por sus hijos.<\/p>\n<p>El Litoral<\/p>\n","protected":false},"excerpt":{"rendered":"<p>La pareja se mantuvo pr\u00f3fuga durante un a\u00f1o y medio, luego de que en febrero de 2020 apareciera en un campo de San Justo una aeronave que, seg\u00fan la acusaci\u00f3n, trasladaba droga desde Paraguay. El Tribunal Oral en lo Criminal Federal de Santa Fe comenz\u00f3 a juzgar al \u201cPulga\u201d Casco y a su pareja por [&hellip;]<\/p>\n","protected":false},"author":3,"featured_media":44846,"comment_status":"closed","ping_status":"closed","sticky":false,"template":"","format":"standard","meta":{"_joinchat":[],"footnotes":""},"categories":[30],"tags":[],"class_list":{"0":"post-44845","1":"post","2":"type-post","3":"status-publish","4":"format-standard","5":"has-post-thumbnail","7":"category-policiales"},"_links":{"self":[{"href":"https:\/\/infovera.com.ar\/web\/wp-json\/wp\/v2\/posts\/44845","targetHints":{"allow":["GET"]}}],"collection":[{"href":"https:\/\/infovera.com.ar\/web\/wp-json\/wp\/v2\/posts"}],"about":[{"href":"https:\/\/infovera.com.ar\/web\/wp-json\/wp\/v2\/types\/post"}],"author":[{"embeddable":true,"href":"https:\/\/infovera.com.ar\/web\/wp-json\/wp\/v2\/users\/3"}],"replies":[{"embeddable":true,"href":"https:\/\/infovera.com.ar\/web\/wp-json\/wp\/v2\/comments?post=44845"}],"version-history":[{"count":0,"href":"https:\/\/infovera.com.ar\/web\/wp-json\/wp\/v2\/posts\/44845\/revisions"}],"wp:featuredmedia":[{"embeddable":true,"href":"https:\/\/infovera.com.ar\/web\/wp-json\/wp\/v2\/media\/44846"}],"wp:attachment":[{"href":"https:\/\/infovera.com.ar\/web\/wp-json\/wp\/v2\/media?parent=44845"}],"wp:term":[{"taxonomy":"category","embeddable":true,"href":"https:\/\/infovera.com.ar\/web\/wp-json\/wp\/v2\/categories?post=44845"},{"taxonomy":"post_tag","embeddable":true,"href":"https:\/\/infovera.com.ar\/web\/wp-json\/wp\/v2\/tags?post=44845"}],"curies":[{"name":"wp","href":"https:\/\/api.w.org\/{rel}","templated":true}]}}