{"id":44842,"date":"2023-06-23T16:52:28","date_gmt":"2023-06-23T19:52:28","guid":{"rendered":"https:\/\/infovera.com.ar\/web\/?p=44842"},"modified":"2023-06-25T16:49:34","modified_gmt":"2023-06-25T19:49:34","slug":"vera-celebro-su-131-aniversario","status":"publish","type":"post","link":"https:\/\/infovera.com.ar\/web\/2023\/06\/23\/vera-celebro-su-131-aniversario\/","title":{"rendered":"Vera celebr\u00f3 su 131 aniversario"},"content":{"rendered":"<p><strong>Los festejos tuvieron como escenario el Paseo de las Artes, donde se desarroll\u00f3 el acto oficial que siguieron a la tarde con un festival art\u00edstico y musical.<\/strong><\/p>\n<p>Lo presidi\u00f3 la intendente municipal Paula Mitre y cont\u00f3 con el acompa\u00f1amiento del senador nacional Dionisio Scarpin, el diputado provincial Ariel Berm\u00fadez, el jefe de la Unidad Regional XUX, Omar Duarte; el representante de la Guardia Rural \u201cLos Pumas\u201d, Hern\u00e1n Yoris; integrantes del gabinete del gobierno local, miembros del Concejo Municipal, el cura p\u00e1rroco Carlos Degiusti que tuvo a su cargo la invocaci\u00f3n religiosa, delegaciones escolares con sus respectivas banderas y numerosos vecinos.<\/p>\n<p>El senador Osvaldo Sosa, lament\u00f3 su ausencia y envi\u00f3 una adhesi\u00f3n por no encontrarse en la ciudad.<\/p>\n<p>El izamiento de la Bandera fue tarea de la intendente Paula Mitre, acompa\u00f1ado por Milo Boggio y Luis Bargetto, descendientes de antiguas familias que fundaron la Sociedad \u201cLos Compadres Unidos\u201d que el mismo d\u00eda cumpl\u00eda su centenario.<\/p>\n<p>Una ofrenda floral fue depositada al pie del Monumento al Hachero, como homenaje a los primeros pobladores, motivo por el cual los protagonistas fueron la intendente Paula Mitre, el senador Dionisio Scarpin, el diputado Ariel Berm\u00fadez y Mat\u00edas Lapissonde, nieto de don Froil\u00e1n De Arriba, impulsor de este s\u00edmbolo de la ciudad que est\u00e1 pr\u00f3ximo a cumplir 40 a\u00f1os de su emplazamiento.<\/p>\n<p>El mensaje oficial de la intendente Paula Mitre apunt\u00f3 a se\u00f1alar algunos aspectos de la gesti\u00f3n, no sin antes recordar el origen de la ciudad, 131 a\u00f1os atr\u00e1s, \u201ca fuerza del sudor de los hacheros que abr\u00edan los montes para la llegada del ferrocarril&#8221;.<\/p>\n<p>Dijo que \u201ctodos unidos los verenses hemos podido retomar un camino de realizaciones gracias a un gran esfuerzo de la comunidad, postergando algunas demandas para dirigir las energ\u00eda y los recursos a las grandes obras y a los servicios esenciales, para lograr el equilibrio econ\u00f3mico honrando los compromisos con los trabajadores y proveedores, contando hoy con las cuentas al d\u00eda, a pesar del momento que atravesamos\u201d.<\/p>\n<p>Hizo referencia tambi\u00e9n a las obras h\u00eddricas y de saneamiento, desag\u00fces pluviales, cloacas, mejorado de calles y renovaci\u00f3n de iluminaci\u00f3n con l\u00e1mparas Led, mejoramiento de caminos y alcantarillas, en lo que tambi\u00e9n incluy\u00f3 a otras poblaciones del distrito como Esp\u00edn, Ogilvie, Santa Luc\u00eda y Caraguatay.<\/p>\n<p>En materia de viviendas mencion\u00f3 las 20 viviendas docentes en barrio Itat\u00ed, pr\u00f3ximas a entregar, 10 unidades en barrio Santa Rosa en etapa de finalizaci\u00f3n y otras 72 ya adjudicadas en la Secci\u00f3n Quintas.<\/p>\n<p>Se mostr\u00f3 convencida de que \u201cla Estaci\u00f3n Transformadora que se est\u00e1 construyendo ser\u00e1 fundamental para mejorar el servicio el\u00e9ctrico de toda la zona y favorecer\u00e1 el desarrollo industrial\u201d.<\/p>\n<p>En el tramo final destac\u00f3 \u201cel consenso con distintos dirigentes\u00a0 y funcionarios del \u00e1mbito local, departamental, provincial y nacional para unir fuerzas y lograr resultados favorables, como la Unidad de Terapia Intensiva que nos convertir\u00e1 en un futuro Centro de Salud referencial en toda la regi\u00f3n\u201d.<\/p>\n<p>Por \u00faltimo se dirigi\u00f3 especialmente a los vecinos para decirles que, \u201dentre otras cosas, debemos contar con una dirigencia que trabaje en el marco del di\u00e1logo respetuoso con actitud constructiva ante una sociedad que custodie la convivencia social y pol\u00edtica\u201d.<\/p>\n<p>\u201cSigamos en este camino trabajando unidos para que todos tengamos las mismas oportunidades de alcanzar la felicidad porque nos sentimos apasionadamente orgullosos de ser verenses y amamos profundamente esta tierra\u201d, concluy\u00f3.<\/p>\n<p>Vale destacar que entre las salutaciones recibidas se cont\u00f3 con el audio de un mensaje enviado por el gobernador Omar Perotti, que se sum\u00f3 a la fiesta saludando a las autoridades locales y a toda la comunidad.<\/p>\n<p>El acto se dio en el marco de un cronograma que abarca toda la semana, con distintas actividades de gran convocatoria popular, a lo que se agrega la celebraci\u00f3n de San Juan Bautista, patrono de la ciudad, en este caso, el d\u00eda 24 de junio, el escenario se traslada al atrio del templo que lleva su nombre.<\/p>\n<p>Letyana Press<\/p>\n","protected":false},"excerpt":{"rendered":"<p>Los festejos tuvieron como escenario el Paseo de las Artes, donde se desarroll\u00f3 el acto oficial que siguieron a la tarde con un festival art\u00edstico y musical. Lo presidi\u00f3 la intendente municipal Paula Mitre y cont\u00f3 con el acompa\u00f1amiento del senador nacional Dionisio Scarpin, el diputado provincial Ariel Berm\u00fadez, el jefe de la Unidad Regional [&hellip;]<\/p>\n","protected":false},"author":3,"featured_media":44843,"comment_status":"closed","ping_status":"closed","sticky":false,"template":"","format":"standard","meta":{"_joinchat":[],"footnotes":""},"categories":[53],"tags":[],"class_list":{"0":"post-44842","1":"post","2":"type-post","3":"status-publish","4":"format-standard","5":"has-post-thumbnail","7":"category-vera"},"_links":{"self":[{"href":"https:\/\/infovera.com.ar\/web\/wp-json\/wp\/v2\/posts\/44842","targetHints":{"allow":["GET"]}}],"collection":[{"href":"https:\/\/infovera.com.ar\/web\/wp-json\/wp\/v2\/posts"}],"about":[{"href":"https:\/\/infovera.com.ar\/web\/wp-json\/wp\/v2\/types\/post"}],"author":[{"embeddable":true,"href":"https:\/\/infovera.com.ar\/web\/wp-json\/wp\/v2\/users\/3"}],"replies":[{"embeddable":true,"href":"https:\/\/infovera.com.ar\/web\/wp-json\/wp\/v2\/comments?post=44842"}],"version-history":[{"count":0,"href":"https:\/\/infovera.com.ar\/web\/wp-json\/wp\/v2\/posts\/44842\/revisions"}],"wp:featuredmedia":[{"embeddable":true,"href":"https:\/\/infovera.com.ar\/web\/wp-json\/wp\/v2\/media\/44843"}],"wp:attachment":[{"href":"https:\/\/infovera.com.ar\/web\/wp-json\/wp\/v2\/media?parent=44842"}],"wp:term":[{"taxonomy":"category","embeddable":true,"href":"https:\/\/infovera.com.ar\/web\/wp-json\/wp\/v2\/categories?post=44842"},{"taxonomy":"post_tag","embeddable":true,"href":"https:\/\/infovera.com.ar\/web\/wp-json\/wp\/v2\/tags?post=44842"}],"curies":[{"name":"wp","href":"https:\/\/api.w.org\/{rel}","templated":true}]}}