{"id":44761,"date":"2023-06-21T09:10:47","date_gmt":"2023-06-21T12:10:47","guid":{"rendered":"https:\/\/infovera.com.ar\/web\/?p=44761"},"modified":"2023-06-21T09:10:47","modified_gmt":"2023-06-21T12:10:47","slug":"los-pumas-participaron-del-desfile-patrio-en-avellaneda","status":"publish","type":"post","link":"https:\/\/infovera.com.ar\/web\/2023\/06\/21\/los-pumas-participaron-del-desfile-patrio-en-avellaneda\/","title":{"rendered":"Los Pumas participaron del desfile patrio en Avellaneda"},"content":{"rendered":"<p><strong>Conmemorando el D\u00eda de la Bandera y a su creador Manuel Belgrano, la Direcci\u00f3n General de Seguridad Rural &#8220;Los Pumas&#8221; particip\u00f3 en la ciudad de Avellaneda<\/strong> del acto y desfile c\u00edvico-militar llevado a cabo en la ma\u00f1ana del martes 20 de junio, fecha que fue establecida en memoria del fallecimiento del general ocurrido en 1820.<\/p>\n<p>Cabe recordar que fue abogado, economista, periodista, pol\u00edtico y militar, y uno de los h\u00e9roes m\u00e1s destacados e importantes de la patria.<\/p>\n<p>Adem\u00e1s del intendente Gonzalo Braidot, estuvieron presentes el jefe de la III Brigada A\u00e9rea de Reconquista, Walter Olmedo; el senador nacional Dionisio Scarp\u00edn; el senador departamental Orfilio Marc\u00f3n; el director de Polic\u00eda Adrian Roland y el subdirector Zona Centro \/Norte, comisario supervidor Dario Bled, entre otras autoridades.<\/p>\n<p><a href=\"https:\/\/infovera.com.ar\/web\/wp-content\/uploads\/2023\/06\/IMG-20230620-WA0098.jpg\"><img loading=\"lazy\" decoding=\"async\" class=\"alignleft size-full wp-image-44763\" src=\"https:\/\/infovera.com.ar\/web\/wp-content\/uploads\/2023\/06\/IMG-20230620-WA0098.jpg\" alt=\"\" width=\"1600\" height=\"1200\" srcset=\"https:\/\/infovera.com.ar\/web\/wp-content\/uploads\/2023\/06\/IMG-20230620-WA0098.jpg 1600w, https:\/\/infovera.com.ar\/web\/wp-content\/uploads\/2023\/06\/IMG-20230620-WA0098-696x522.jpg 696w, https:\/\/infovera.com.ar\/web\/wp-content\/uploads\/2023\/06\/IMG-20230620-WA0098-1068x801.jpg 1068w, https:\/\/infovera.com.ar\/web\/wp-content\/uploads\/2023\/06\/IMG-20230620-WA0098-560x420.jpg 560w, https:\/\/infovera.com.ar\/web\/wp-content\/uploads\/2023\/06\/IMG-20230620-WA0098-80x60.jpg 80w, https:\/\/infovera.com.ar\/web\/wp-content\/uploads\/2023\/06\/IMG-20230620-WA0098-265x198.jpg 265w\" sizes=\"auto, (max-width: 1600px) 100vw, 1600px\" \/><\/a><\/p>\n","protected":false},"excerpt":{"rendered":"<p>Conmemorando el D\u00eda de la Bandera y a su creador Manuel Belgrano, la Direcci\u00f3n General de Seguridad Rural &#8220;Los Pumas&#8221; particip\u00f3 en la ciudad de Avellaneda del acto y desfile c\u00edvico-militar llevado a cabo en la ma\u00f1ana del martes 20 de junio, fecha que fue establecida en memoria del fallecimiento del general ocurrido en 1820. [&hellip;]<\/p>\n","protected":false},"author":3,"featured_media":44762,"comment_status":"closed","ping_status":"closed","sticky":false,"template":"","format":"standard","meta":{"_joinchat":[],"footnotes":""},"categories":[55],"tags":[],"class_list":{"0":"post-44761","1":"post","2":"type-post","3":"status-publish","4":"format-standard","5":"has-post-thumbnail","7":"category-reconquista"},"_links":{"self":[{"href":"https:\/\/infovera.com.ar\/web\/wp-json\/wp\/v2\/posts\/44761","targetHints":{"allow":["GET"]}}],"collection":[{"href":"https:\/\/infovera.com.ar\/web\/wp-json\/wp\/v2\/posts"}],"about":[{"href":"https:\/\/infovera.com.ar\/web\/wp-json\/wp\/v2\/types\/post"}],"author":[{"embeddable":true,"href":"https:\/\/infovera.com.ar\/web\/wp-json\/wp\/v2\/users\/3"}],"replies":[{"embeddable":true,"href":"https:\/\/infovera.com.ar\/web\/wp-json\/wp\/v2\/comments?post=44761"}],"version-history":[{"count":0,"href":"https:\/\/infovera.com.ar\/web\/wp-json\/wp\/v2\/posts\/44761\/revisions"}],"wp:featuredmedia":[{"embeddable":true,"href":"https:\/\/infovera.com.ar\/web\/wp-json\/wp\/v2\/media\/44762"}],"wp:attachment":[{"href":"https:\/\/infovera.com.ar\/web\/wp-json\/wp\/v2\/media?parent=44761"}],"wp:term":[{"taxonomy":"category","embeddable":true,"href":"https:\/\/infovera.com.ar\/web\/wp-json\/wp\/v2\/categories?post=44761"},{"taxonomy":"post_tag","embeddable":true,"href":"https:\/\/infovera.com.ar\/web\/wp-json\/wp\/v2\/tags?post=44761"}],"curies":[{"name":"wp","href":"https:\/\/api.w.org\/{rel}","templated":true}]}}