{"id":44643,"date":"2023-06-17T18:02:12","date_gmt":"2023-06-17T21:02:12","guid":{"rendered":"https:\/\/infovera.com.ar\/web\/?p=44643"},"modified":"2023-06-20T12:49:04","modified_gmt":"2023-06-20T15:49:04","slug":"fuerte-repudio-a-la-agresion-fisica-y-verbal-a-una-medica-en-vera","status":"publish","type":"post","link":"https:\/\/infovera.com.ar\/web\/2023\/06\/17\/fuerte-repudio-a-la-agresion-fisica-y-verbal-a-una-medica-en-vera\/","title":{"rendered":"Fuerte repudio a la agresi\u00f3n f\u00edsica y verbal a una m\u00e9dica en Vera"},"content":{"rendered":"<p><strong>La Direcci\u00f3n y el Consejo Asesor del Hospital Regional Vera se solidarizaron con la profesional que en viernes fue agredida f\u00edsica y verbalmente en el establecimiento.<\/strong><\/p>\n<p>&#8220;Instamos a toda la comunidad y usuarios del sistema de salud que puedan coniderar el di\u00e1logo como \u00fanica forma de intercambio de pareceres&#8221;, expresaron.<\/p>\n<p>Adem\u00e1s, informaron que &#8220;desde el Hospital estamos haciendo todos los esfuerzos para llevar una salud de calidad&#8221;.<\/p>\n","protected":false},"excerpt":{"rendered":"<p>La Direcci\u00f3n y el Consejo Asesor del Hospital Regional Vera se solidarizaron con la profesional que en viernes fue agredida f\u00edsica y verbalmente en el establecimiento. &#8220;Instamos a toda la comunidad y usuarios del sistema de salud que puedan coniderar el di\u00e1logo como \u00fanica forma de intercambio de pareceres&#8221;, expresaron. Adem\u00e1s, informaron que &#8220;desde el [&hellip;]<\/p>\n","protected":false},"author":3,"featured_media":0,"comment_status":"closed","ping_status":"closed","sticky":false,"template":"","format":"standard","meta":{"_joinchat":[],"footnotes":""},"categories":[53],"tags":[],"class_list":{"0":"post-44643","1":"post","2":"type-post","3":"status-publish","4":"format-standard","6":"category-vera"},"_links":{"self":[{"href":"https:\/\/infovera.com.ar\/web\/wp-json\/wp\/v2\/posts\/44643","targetHints":{"allow":["GET"]}}],"collection":[{"href":"https:\/\/infovera.com.ar\/web\/wp-json\/wp\/v2\/posts"}],"about":[{"href":"https:\/\/infovera.com.ar\/web\/wp-json\/wp\/v2\/types\/post"}],"author":[{"embeddable":true,"href":"https:\/\/infovera.com.ar\/web\/wp-json\/wp\/v2\/users\/3"}],"replies":[{"embeddable":true,"href":"https:\/\/infovera.com.ar\/web\/wp-json\/wp\/v2\/comments?post=44643"}],"version-history":[{"count":0,"href":"https:\/\/infovera.com.ar\/web\/wp-json\/wp\/v2\/posts\/44643\/revisions"}],"wp:attachment":[{"href":"https:\/\/infovera.com.ar\/web\/wp-json\/wp\/v2\/media?parent=44643"}],"wp:term":[{"taxonomy":"category","embeddable":true,"href":"https:\/\/infovera.com.ar\/web\/wp-json\/wp\/v2\/categories?post=44643"},{"taxonomy":"post_tag","embeddable":true,"href":"https:\/\/infovera.com.ar\/web\/wp-json\/wp\/v2\/tags?post=44643"}],"curies":[{"name":"wp","href":"https:\/\/api.w.org\/{rel}","templated":true}]}}