{"id":44633,"date":"2023-06-16T20:15:09","date_gmt":"2023-06-16T23:15:09","guid":{"rendered":"https:\/\/infovera.com.ar\/web\/?p=44633"},"modified":"2023-06-20T12:50:07","modified_gmt":"2023-06-20T15:50:07","slug":"femicidio-de-rocio-vera-los-jueces-fundamentaron-la-absolucion-de-dos-imputados-en-la-ausencia-de-pruebas","status":"publish","type":"post","link":"https:\/\/infovera.com.ar\/web\/2023\/06\/16\/femicidio-de-rocio-vera-los-jueces-fundamentaron-la-absolucion-de-dos-imputados-en-la-ausencia-de-pruebas\/","title":{"rendered":"Femicidio de Roc\u00edo Vera: los jueces fundamentaron la absoluci\u00f3n de dos imputados en la ausencia de pruebas"},"content":{"rendered":"<p><strong>Con cr\u00edticas a la fiscal\u00eda y a las querellas, el tribunal dio a conocer los fundamentos del fallo. Mientras dos de los encartados resultaron condenados a prisi\u00f3n perpetua, otros dos fueron absueltos. No pudo probarse su presencia en el lugar del cruento crimen.<\/strong><\/p>\n<p>En la tarde del viernes, el tribunal pluripersonal que juzg\u00f3 a los cuatro imputados por el salvaje femicidio de Roc\u00edo Vera (14) perpetrado en la madrugada del 12 de julio de 2020 en una casa abandonada del barrio Carmen Luisa, en la zona sur de Reconquista, dio a conocer los fundamentos del fallo.<\/p>\n<p>La v\u00edctima, que gestaba un embarazo de dos meses, fue brutalmente golpeada, abusada reiteradas veces y asesinada. Luego de la agresi\u00f3n sexual en el interior del local que hab\u00eda sido una despensa y devino en un aguantadero de j\u00f3venes con adicciones y conflictos con la ley, los autores del hecho la arrastraron hasta un descampado para ocultar el cuerpo, y mientras agonizada volvieron a violarla.<\/p>\n<p>Los jueces Sergio Olivera, Mart\u00edn Gauna Chapero y Gustavo Gon dieron a conocer los fundamentos del fallo que conden\u00f3 a dos de los cuatro imputados, y absolvi\u00f3 al resto. Respecto de Juan \u201cCuatri\u201d Godoy, tuvieron por insuficiente la declaraci\u00f3n de los coimputados, la falta de certeza de una testigo, la circunstancia de encontrarse privado de su libertad al momento del hecho. Tambi\u00e9n mencionaron la ausencia de prueba biol\u00f3gica: \u201cDe los estudios de ADN realizados no surge prueba que vincule a Juan \u2018Cuatri\u2019 Godoy con la v\u00edctima\u201d.<\/p>\n<p>El sujeto de 32 a\u00f1os fue aprehendido por la polic\u00eda -justo a la hora en que se produjeron los ataques sexuales contra la menor- por participar de una gresca a unos 200 metros de la casa del horror.<\/p>\n<p><a href=\"https:\/\/infovera.com.ar\/web\/wp-content\/uploads\/2023\/05\/imputados-1.jpg\"><img loading=\"lazy\" decoding=\"async\" class=\"alignleft size-full wp-image-44167\" src=\"https:\/\/infovera.com.ar\/web\/wp-content\/uploads\/2023\/05\/imputados-1.jpg\" alt=\"\" width=\"1320\" height=\"781\" srcset=\"https:\/\/infovera.com.ar\/web\/wp-content\/uploads\/2023\/05\/imputados-1.jpg 1320w, https:\/\/infovera.com.ar\/web\/wp-content\/uploads\/2023\/05\/imputados-1-696x412.jpg 696w, https:\/\/infovera.com.ar\/web\/wp-content\/uploads\/2023\/05\/imputados-1-1068x632.jpg 1068w, https:\/\/infovera.com.ar\/web\/wp-content\/uploads\/2023\/05\/imputados-1-710x420.jpg 710w\" sizes=\"auto, (max-width: 1320px) 100vw, 1320px\" \/><\/a><\/p>\n<p><strong>Sin explicaci\u00f3n<\/strong><\/p>\n<p>\u201cLa parte acusadora no brind\u00f3 ninguna explicaci\u00f3n sobre esta cuesti\u00f3n medular. Destacamos que la postura defensiva se centr\u00f3 en que Juan Godoy se encontraba aprehendido al momento del hecho. La carga de argumentaci\u00f3n sobre este punto correspond\u00eda a los acusadores, cada parte querellante contaba con dos profesionales y la fiscal\u00eda con dos fiscales, mas sus asistentes\u201d, consignaron.<\/p>\n<p>Pero \u201cal momento de las r\u00e9plicas ninguno de los seis profesionales trat\u00f3 de brindar alguna explicaci\u00f3n; insisto, no es que se brind\u00f3 una explicaci\u00f3n poco convincente, sino que, lisa y llanamente, omitieron tratar esta cuesti\u00f3n\u201d, fustigaron los magistrados en el fallo con relaci\u00f3n a la labor de los fiscales y de los abogados que representaban a la familia de Roc\u00edo Vera.<\/p>\n<p>En una resoluci\u00f3n de 96 carillas, Olivera, Gauna Chapero y Gon tambi\u00e9n abordaron la acusaci\u00f3n contra Brian Altamirano (23), que fue absuelto debido a que \u201cno se encontr\u00f3 prueba biol\u00f3gica que lo vincule al hecho. En efecto, nada vincula a Altamirano con el hecho, m\u00e1s all\u00e1 de las declaraciones de los coimputados\u201d.<\/p>\n<p>El acusado estuvo durante la tarde en la exdespensa \u201cSanta Rita\u201d, pero en determinado momento se retir\u00f3 hacia el norte donde estar\u00eda su domicilio, de acuerdo al relato de un testigo, por lo cual no pudo estar con lo dem\u00e1s sospechosos momentos previos al hecho.<\/p>\n<p><strong>C\u00famulo de indicios<\/strong><\/p>\n<p>En cuanto a los condenados, indicaron que sobre Leonardo Gast\u00f3n Godoy existe un c\u00famulo de indicios que lo ubican en el lugar del hecho. Declaraciones de dos imputados, m\u00e1s all\u00e1 de sus contradicciones e inconsistencias, constituyen un indicio sobre la presencia del acusado en el lugar de hecho.<\/p>\n<p>Uno de ellos relat\u00f3 que llev\u00f3 a la v\u00edctima a la casa y cuando ingres\u00f3 estaba el acusado, quien intervino en la agresi\u00f3n sexual y el homicidio. El otro dijo Godoy particip\u00f3 en el hecho, en tanto se encontr\u00f3 material gen\u00e9tico y de la v\u00edctima en una bermuda suya.<\/p>\n<p>\u201cSi bien la defensa intent\u00f3 desvirtuar esta prueba cient\u00edfica al afirmar que podr\u00eda obedecer a una salpicadura por encontrarse la prenda en el suelo, es m\u00e1s razonable, pensar que el acusado en la noche del hecho tuvo contacto con la v\u00edctima\u201d, razonaron, para condenarlo.<\/p>\n<p><strong>Fagundes, el del hierro<\/strong><\/p>\n<p>La participaci\u00f3n de Pascual Fernando Fagundes qued\u00f3 acreditada por las declaraciones de los coimputados. \u201c\u2019Pulo\u2019 G. en su ampliaci\u00f3n de declaraci\u00f3n del 14 de julio de 2020 relat\u00f3 que llev\u00f3 a la v\u00edctima a su casa y cuando ingres\u00f3 estaba el acusado, quien intervino en la agresi\u00f3n sexual y el homicidio\u201d, hicieron constar los jueces, e incluyeron que en una declaraci\u00f3n indagatoria dos d\u00edas despu\u00e9s \u201clo volvi\u00f3 a ubicar en el lugar del hecho\u201d. En el mismo sentido incriminatorio se expres\u00f3 L.F.V por esos d\u00edas.<\/p>\n<p>Fagundes fue quien golpe\u00f3 a la adolescente con un fierro gris y le dej\u00f3 marcado el cr\u00e1neo la forma del elemento contundente con el que la atac\u00f3, una agresi\u00f3n tan inhumana que llam\u00f3 la atenci\u00f3n del avezado m\u00e9dico forense que realiz\u00f3 la autopsia. Como elemento indiciario de actitud sospechosa, se ha probado que la noche del hecho llega a su casa a la madrugada, a las 4 de la madrugada, estaba raro, nervioso, y le pidi\u00f3 a su hermana \u201cque lo salve\u201d, citaron.<\/p>\n<p><strong>Coautores<\/strong><\/p>\n<p>El tribunal les aplic\u00f3 la figura de coautores -compartieron una decisi\u00f3n com\u00fan o plan acordado y tuvieron divisi\u00f3n funcional de tareas- y conden\u00f3 a Leonardo Godoy y Pascual Fagundes a la pena de prisi\u00f3n perpetua por los delitos de abuso sexual con acceso carnal calificado por la comisi\u00f3n de dos o m\u00e1s personas y por la intervenci\u00f3n de menores de edad en concurso real con homicidio calificado por haber sido cometido con alevos\u00eda, para ocultar otro delito y por mediar violencia de g\u00e9nero.<\/p>\n<p>Los fiscales que representaron al MPA en el juicio fueron Aldo H\u00e9ctor Gerosa y Valent\u00edn Here\u00f1\u00fa; las querellas fueron las ONG Democracia Directa, Movimiento Ecum\u00e9nico de los Derechos Humanos y Juanito Laguna, representadas por los abogados Carolina Walkerr Torres y Mat\u00edas Pautasso; y las doctoras Mar\u00eda Laura Tailleur y Mariana Beatriz Cisera, del Centro de Asistencia Judicial de la V\u00edctima; actu\u00f3 como defensora p\u00fablica la Dra. Mar\u00eda Noel Severo.<\/p>\n","protected":false},"excerpt":{"rendered":"<p>Con cr\u00edticas a la fiscal\u00eda y a las querellas, el tribunal dio a conocer los fundamentos del fallo. Mientras dos de los encartados resultaron condenados a prisi\u00f3n perpetua, otros dos fueron absueltos. No pudo probarse su presencia en el lugar del cruento crimen. En la tarde del viernes, el tribunal pluripersonal que juzg\u00f3 a los [&hellip;]<\/p>\n","protected":false},"author":3,"featured_media":44168,"comment_status":"closed","ping_status":"closed","sticky":false,"template":"","format":"standard","meta":{"_joinchat":[],"footnotes":""},"categories":[30,55],"tags":[],"class_list":{"0":"post-44633","1":"post","2":"type-post","3":"status-publish","4":"format-standard","5":"has-post-thumbnail","7":"category-policiales","8":"category-reconquista"},"_links":{"self":[{"href":"https:\/\/infovera.com.ar\/web\/wp-json\/wp\/v2\/posts\/44633","targetHints":{"allow":["GET"]}}],"collection":[{"href":"https:\/\/infovera.com.ar\/web\/wp-json\/wp\/v2\/posts"}],"about":[{"href":"https:\/\/infovera.com.ar\/web\/wp-json\/wp\/v2\/types\/post"}],"author":[{"embeddable":true,"href":"https:\/\/infovera.com.ar\/web\/wp-json\/wp\/v2\/users\/3"}],"replies":[{"embeddable":true,"href":"https:\/\/infovera.com.ar\/web\/wp-json\/wp\/v2\/comments?post=44633"}],"version-history":[{"count":0,"href":"https:\/\/infovera.com.ar\/web\/wp-json\/wp\/v2\/posts\/44633\/revisions"}],"wp:featuredmedia":[{"embeddable":true,"href":"https:\/\/infovera.com.ar\/web\/wp-json\/wp\/v2\/media\/44168"}],"wp:attachment":[{"href":"https:\/\/infovera.com.ar\/web\/wp-json\/wp\/v2\/media?parent=44633"}],"wp:term":[{"taxonomy":"category","embeddable":true,"href":"https:\/\/infovera.com.ar\/web\/wp-json\/wp\/v2\/categories?post=44633"},{"taxonomy":"post_tag","embeddable":true,"href":"https:\/\/infovera.com.ar\/web\/wp-json\/wp\/v2\/tags?post=44633"}],"curies":[{"name":"wp","href":"https:\/\/api.w.org\/{rel}","templated":true}]}}