{"id":44618,"date":"2023-06-15T18:50:08","date_gmt":"2023-06-15T21:50:08","guid":{"rendered":"https:\/\/infovera.com.ar\/web\/?p=44618"},"modified":"2023-06-21T13:37:35","modified_gmt":"2023-06-21T16:37:35","slug":"marcos-cleri-estuvo-en-vera-y-se-mostro-partidario-de-reinstaurar-la-clausula-gatillo-para-sueldos-publicos","status":"publish","type":"post","link":"https:\/\/infovera.com.ar\/web\/2023\/06\/15\/marcos-cleri-estuvo-en-vera-y-se-mostro-partidario-de-reinstaurar-la-clausula-gatillo-para-sueldos-publicos\/","title":{"rendered":"Marcos Cleri estuvo en Vera y se mostr\u00f3 partidario de reinstaurar la cl\u00e1usula gatillo para sueldos p\u00fablicos"},"content":{"rendered":"<p>El precandidato a gobernador de Juntos Avancemos estuvo en Vera.<\/p>\n<p>El diputado nacional y postulante a la gobernaci\u00f3n de Santa Fe visit\u00f3 la ciudad, estuvo en la delegaci\u00f3n de Anses y brind\u00f3 una rueda de prensa.<\/p>\n<p>En el contexto de campa\u00f1a electoral, quien es acompa\u00f1ado en la f\u00f3rmula por Alejandra Obeid como vice, y por Alejandra Rodenas como cabeza de lista para diputados, propuso solucionar los problemas de la gente y, en tal sentido, propugn\u00f3 la creaci\u00f3n de un Procrear provincial para que las comunidades de toda la provincia puedan acceder al sue\u00f1o de la casa propia con un cr\u00e9dito a cada una de las personas. &#8220;Si no es hace es por culpa de una mirada vetusta, antigua, una mirada que no tiene nada que ver con la acci\u00f3n que se tiene que desarrollar en estos tiempos de crisis&#8221;.<\/p>\n<p>En cuanto a la Ruta 11, se mostr\u00f3 convencido de que la reconversi\u00f3n en autov\u00eda debe llevarla adelante la provincia con fondos propios y luego solicitar la devoluci\u00f3n a Naci\u00f3n. &#8220;Lo que pasa ahora es que uno le echa la culpa al otro y as\u00ed, pero nosotros somos una generaci\u00f3n que se quiere hacer cargo de los problemas; y lo queremos hacer con fondos provinciales como lo hizo Jorge Obeid con la 19&#8221;.<\/p>\n<p>&#8220;Obeid ten\u00eda dinero de resguardo para afrontar dos meses de masa salarial y ten\u00eda un fondo antic\u00edclico. Luego, el gobierno del Frente Progresista termin\u00f3 con una provincia endeudada, con una administraci\u00f3n que no fue la correcta.\u00a0 Ahora, la provincia tiene fondos para encarar las obras que se necesitan&#8221;, analiz\u00f3.<\/p>\n<p>Con respecto a la crisis de salud en el norte, dijo que &#8220;es necesario volver a instaurar la cl\u00e1usula gatillo para los sueldos de m\u00e9dicos, polic\u00edas, maestros, y todo eso dinamiza la econom\u00eda. Ten\u00e9s que coordinar con la facultades que los profesionales que se reciben puedan venir al norte a trabajar con un plus salarial para que la especialidad elegida sea la que se necesita&#8221;.<\/p>\n<p>Cleri agreg\u00f3 que &#8220;hay que poner sobre la mesa el inconveniente que ten\u00e9s muchas veces con el colegio de m\u00e9dicos, que bloquea la incorporaci\u00f3n de alg\u00fan nuevo m\u00e9dico porque quieren que sus hijos sigan teniendo la posibilidad de trabajar, adem\u00e1s de que no cobren plus&#8221;.<\/p>\n<p>Y complet\u00f3: &#8220;Necesit\u00e1s un proyecto integral que se tiene que complementar con las ambulancias de cada pueblo y con la incorporaci\u00f3n de tecnolog\u00eda en cada Samco&#8221;.<\/p>\n<p>Respecto de la sequ\u00eda, anticip\u00f3 que despu\u00e9s de tres a\u00f1os de d\u00e9ficit h\u00eddrico &#8220;todo indicar\u00eda que en agosto se registrar\u00edan grandes cantidades de lluvia, por lo tanto para no sufrir inundaciones hay que ir haciendo las obras de infraestructura&#8221;.<\/p>\n<p>&#8220;Lo que buscamos es gobernar con los mejores profesionales que se anticipen a los hechos, no ser meros relatores sino hacedores y para eso nos preparamos Hay que construir el partido del bien com\u00fan, queremos gobernar la provincia para continuar la bueno, rectificar lo que no se hizo bien y construir acuerdos para avanzar&#8221;, finaliz\u00f3.<\/p>\n","protected":false},"excerpt":{"rendered":"<p>El precandidato a gobernador de Juntos Avancemos estuvo en Vera. El diputado nacional y postulante a la gobernaci\u00f3n de Santa Fe visit\u00f3 la ciudad, estuvo en la delegaci\u00f3n de Anses y brind\u00f3 una rueda de prensa. En el contexto de campa\u00f1a electoral, quien es acompa\u00f1ado en la f\u00f3rmula por Alejandra Obeid como vice, y por [&hellip;]<\/p>\n","protected":false},"author":3,"featured_media":44621,"comment_status":"closed","ping_status":"closed","sticky":false,"template":"","format":"standard","meta":{"_joinchat":[],"footnotes":""},"categories":[53],"tags":[],"class_list":{"0":"post-44618","1":"post","2":"type-post","3":"status-publish","4":"format-standard","5":"has-post-thumbnail","7":"category-vera"},"_links":{"self":[{"href":"https:\/\/infovera.com.ar\/web\/wp-json\/wp\/v2\/posts\/44618","targetHints":{"allow":["GET"]}}],"collection":[{"href":"https:\/\/infovera.com.ar\/web\/wp-json\/wp\/v2\/posts"}],"about":[{"href":"https:\/\/infovera.com.ar\/web\/wp-json\/wp\/v2\/types\/post"}],"author":[{"embeddable":true,"href":"https:\/\/infovera.com.ar\/web\/wp-json\/wp\/v2\/users\/3"}],"replies":[{"embeddable":true,"href":"https:\/\/infovera.com.ar\/web\/wp-json\/wp\/v2\/comments?post=44618"}],"version-history":[{"count":0,"href":"https:\/\/infovera.com.ar\/web\/wp-json\/wp\/v2\/posts\/44618\/revisions"}],"wp:featuredmedia":[{"embeddable":true,"href":"https:\/\/infovera.com.ar\/web\/wp-json\/wp\/v2\/media\/44621"}],"wp:attachment":[{"href":"https:\/\/infovera.com.ar\/web\/wp-json\/wp\/v2\/media?parent=44618"}],"wp:term":[{"taxonomy":"category","embeddable":true,"href":"https:\/\/infovera.com.ar\/web\/wp-json\/wp\/v2\/categories?post=44618"},{"taxonomy":"post_tag","embeddable":true,"href":"https:\/\/infovera.com.ar\/web\/wp-json\/wp\/v2\/tags?post=44618"}],"curies":[{"name":"wp","href":"https:\/\/api.w.org\/{rel}","templated":true}]}}