{"id":44608,"date":"2023-06-15T14:06:16","date_gmt":"2023-06-15T17:06:16","guid":{"rendered":"https:\/\/infovera.com.ar\/web\/?p=44608"},"modified":"2023-06-20T12:50:58","modified_gmt":"2023-06-20T15:50:58","slug":"antonio-bonfatti-de-recorrida-por-el-norte-confien-en-nosotros-para-cambiar-la-triste-realidad-de-santa-fe","status":"publish","type":"post","link":"https:\/\/infovera.com.ar\/web\/2023\/06\/15\/antonio-bonfatti-de-recorrida-por-el-norte-confien-en-nosotros-para-cambiar-la-triste-realidad-de-santa-fe\/","title":{"rendered":"Antonio Bonfatti, de recorrida por el norte: &#8220;Conf\u00eden en nosotros para cambiar la triste realidad de Santa Fe&#8221;"},"content":{"rendered":"<p><strong>El precandidato a diputado provincial visit\u00f3 los departamentos General Obligado y Vera. <\/strong><\/p>\n<p>El exgobernador Antonio Bonfatti realiz\u00f3 una recorrida de dos d\u00edas por el norte de la provincia para acercarse a la preocupaciones de los productores por la sequ\u00eda, proponer l\u00edneas a acci\u00f3n para abordar la inseguridad y promover pol\u00edticas similares al Plan del Norte.<\/p>\n<p>El dirigente socialista se mostr\u00f3 preocupado por constatar la presencia de un &#8220;estado ausente que no atiende necesidades locales, incluyendo educaci\u00f3n, salud y polic\u00eda&#8221;, y pidi\u00f3 pidi\u00f3 confianza en su equipo para mejorar la situaci\u00f3n. En Vera, fue recibido en la casa municipal por la intendente Paula Mitre. Estuvo acompa\u00f1ado por quienes lo secundan en la n\u00f3mina de diputados provinciales: Rub\u00e9n Galassi y Sergio &#8220;Chiqui&#8221; Rojas.<\/p>\n<p><strong>&#8211; Una recorrida por el norte de la provincia en el marco de la campa\u00f1a&#8230;<\/strong><\/p>\n<p>&#8211; Una vez m\u00e1s, efectivamente. Venimos de Villa Ocampo, Reconquista, bueno ahora en Vera, nos vamos a La Gallareta y despu\u00e9s a Calchaqu\u00ed. Y ma\u00f1ana seguimos recorriendo. Estuvimos en el sur, Venado Tuerto, Firmat, Rafaela. Ma\u00f1ana hacemos Casilda, San Jos\u00e9 de la Esquina, Berabev\u00fa, Rold\u00e1n.<\/p>\n<p><strong>&#8211; \u00bfC\u00f3mo encontr\u00f3 al norte? <\/strong><\/p>\n<p>&#8211; La verdad que preocupado por el tema de la sequ\u00eda, hay enorme preocupaci\u00f3n de los productores, porque han tenido problemas serios de agua, ahora de forraje. Vi un norte con necesidad de abordar el tema de inseguridad, que nos preocupa a todos, y ojal\u00e1 que podamos lograr un cambio en la provincia para estar al lado de los productores, de la gente.<\/p>\n<p><strong>&#8211; \u00bfPlantea volver a pol\u00edticas parecidas al Plan del Norte? <\/strong><\/p>\n<p>S\u00ed, y que se dejaron de lado. Hay un estado ausente, un gobernador y su ministra que no van a localidades, no dan la cara, un gobernador que no tiene proyectos, que lo ha demostrado, que asumi\u00f3 sin propuesta y sin gesti\u00f3n. En donde todo ha ido para menos. Hable con los maestros, le van a decir la visi\u00f3n que tienen de las escuelas, como se han deteriorado. Los planes de educaci\u00f3n y los chicos que pasan de a\u00f1o sin rendir.<\/p>\n<p>O hable con los trabajadores de la salud, le van a decir lo mismo, no hay m\u00e1s formaci\u00f3n de equipos, hay p\u00e9rdida a veces de insumos b\u00e1sicos, m\u00e9dicos que renuncian, no se les paga los salarios a la Escuela de Enfermer\u00eda de Reconquista. Y, si habla con la polic\u00eda, no tiene insumos, los presidentes de comuna e intendentes est\u00e1n pagando a veces el combustible o reparando veh\u00edculos, las cubiertas. Esta es la realidad de Santa Fe, la triste realidad.<\/p>\n<p><strong>&#8211; La lista de diputados que encabeza lleva en tercer lugar a &#8220;Chiqui&#8221; Rojas, su referente en el el norte<\/strong><\/p>\n<p>Y &#8220;Chiqui&#8221; va a ser el hombre, que va a ser diputado y que va a seguir defendiendo este querido norte. Ya lo hizo, y me consta, durante los gobiernos socialistas.<\/p>\n<p><strong>&#8211; \u00bfQu\u00e9 mensaje le da a la gente este Antonio Bonfatti que se postula para ser diputado? <\/strong><\/p>\n<p>Que conf\u00ede en nosotros, que nos conocen, que saben que hemos venido infinidad de veces, con Binner, en mi caso como gobernador, y aparte con Miguel Lifschitz, y que siempre hemos dado respuesta con la construcci\u00f3n de hospitales, escuelas, centro de atenci\u00f3n primaria de la salud, viviendas, rutas, energ\u00eda. Le digo que conf\u00ede en nosotros para cambiar la triste realidad de Santa Fe, porque somos gente de palabra&#8221;.<\/p>\n","protected":false},"excerpt":{"rendered":"<p>El precandidato a diputado provincial visit\u00f3 los departamentos General Obligado y Vera. El exgobernador Antonio Bonfatti realiz\u00f3 una recorrida de dos d\u00edas por el norte de la provincia para acercarse a la preocupaciones de los productores por la sequ\u00eda, proponer l\u00edneas a acci\u00f3n para abordar la inseguridad y promover pol\u00edticas similares al Plan del Norte. [&hellip;]<\/p>\n","protected":false},"author":3,"featured_media":44617,"comment_status":"closed","ping_status":"closed","sticky":false,"template":"","format":"standard","meta":{"_joinchat":[],"footnotes":""},"categories":[53],"tags":[],"class_list":{"0":"post-44608","1":"post","2":"type-post","3":"status-publish","4":"format-standard","5":"has-post-thumbnail","7":"category-vera"},"_links":{"self":[{"href":"https:\/\/infovera.com.ar\/web\/wp-json\/wp\/v2\/posts\/44608","targetHints":{"allow":["GET"]}}],"collection":[{"href":"https:\/\/infovera.com.ar\/web\/wp-json\/wp\/v2\/posts"}],"about":[{"href":"https:\/\/infovera.com.ar\/web\/wp-json\/wp\/v2\/types\/post"}],"author":[{"embeddable":true,"href":"https:\/\/infovera.com.ar\/web\/wp-json\/wp\/v2\/users\/3"}],"replies":[{"embeddable":true,"href":"https:\/\/infovera.com.ar\/web\/wp-json\/wp\/v2\/comments?post=44608"}],"version-history":[{"count":0,"href":"https:\/\/infovera.com.ar\/web\/wp-json\/wp\/v2\/posts\/44608\/revisions"}],"wp:featuredmedia":[{"embeddable":true,"href":"https:\/\/infovera.com.ar\/web\/wp-json\/wp\/v2\/media\/44617"}],"wp:attachment":[{"href":"https:\/\/infovera.com.ar\/web\/wp-json\/wp\/v2\/media?parent=44608"}],"wp:term":[{"taxonomy":"category","embeddable":true,"href":"https:\/\/infovera.com.ar\/web\/wp-json\/wp\/v2\/categories?post=44608"},{"taxonomy":"post_tag","embeddable":true,"href":"https:\/\/infovera.com.ar\/web\/wp-json\/wp\/v2\/tags?post=44608"}],"curies":[{"name":"wp","href":"https:\/\/api.w.org\/{rel}","templated":true}]}}