{"id":44557,"date":"2023-06-13T18:58:10","date_gmt":"2023-06-13T21:58:10","guid":{"rendered":"https:\/\/infovera.com.ar\/web\/?p=44557"},"modified":"2023-06-13T18:58:10","modified_gmt":"2023-06-13T21:58:10","slug":"esclarecieron-el-robo-de-una-moto-en-la-gallareta","status":"publish","type":"post","link":"https:\/\/infovera.com.ar\/web\/2023\/06\/13\/esclarecieron-el-robo-de-una-moto-en-la-gallareta\/","title":{"rendered":"Esclarecieron el robo de una moto en La Gallareta"},"content":{"rendered":"<p><strong>Funcionarios policiales de la Comisaria 5ta. de La Gallareta lograron aclarar el robo de una moto.<\/strong><\/p>\n<p>En relaci\u00f3n a la denuncia radicada por una mujer quien diera cuenta que en fecha 11\/06\/2023 autor\/es ignorados sustrajeron su motocicleta, la cual se encontraba estacionada en la v\u00eda publica, de investigaciones realizadas por personal actuante se estableci\u00f3 que no ser\u00eda ajeno al il\u00edcito un joven de 18 a\u00f1os.<\/p>\n<p>Fue aprehendido y los agentes de seguridad procedieron al secuestro de diferentes partes del ciclomotor denunciado como sustra\u00eddo por la damnificada.<\/p>\n<p>El fiscal en turno quien dispuso diligencias a seguir.<\/p>\n","protected":false},"excerpt":{"rendered":"<p>Funcionarios policiales de la Comisaria 5ta. de La Gallareta lograron aclarar el robo de una moto. En relaci\u00f3n a la denuncia radicada por una mujer quien diera cuenta que en fecha 11\/06\/2023 autor\/es ignorados sustrajeron su motocicleta, la cual se encontraba estacionada en la v\u00eda publica, de investigaciones realizadas por personal actuante se estableci\u00f3 que [&hellip;]<\/p>\n","protected":false},"author":3,"featured_media":44558,"comment_status":"closed","ping_status":"closed","sticky":false,"template":"","format":"standard","meta":{"_joinchat":[],"footnotes":""},"categories":[51,30],"tags":[],"class_list":{"0":"post-44557","1":"post","2":"type-post","3":"status-publish","4":"format-standard","5":"has-post-thumbnail","7":"category-locales","8":"category-policiales"},"_links":{"self":[{"href":"https:\/\/infovera.com.ar\/web\/wp-json\/wp\/v2\/posts\/44557","targetHints":{"allow":["GET"]}}],"collection":[{"href":"https:\/\/infovera.com.ar\/web\/wp-json\/wp\/v2\/posts"}],"about":[{"href":"https:\/\/infovera.com.ar\/web\/wp-json\/wp\/v2\/types\/post"}],"author":[{"embeddable":true,"href":"https:\/\/infovera.com.ar\/web\/wp-json\/wp\/v2\/users\/3"}],"replies":[{"embeddable":true,"href":"https:\/\/infovera.com.ar\/web\/wp-json\/wp\/v2\/comments?post=44557"}],"version-history":[{"count":0,"href":"https:\/\/infovera.com.ar\/web\/wp-json\/wp\/v2\/posts\/44557\/revisions"}],"wp:featuredmedia":[{"embeddable":true,"href":"https:\/\/infovera.com.ar\/web\/wp-json\/wp\/v2\/media\/44558"}],"wp:attachment":[{"href":"https:\/\/infovera.com.ar\/web\/wp-json\/wp\/v2\/media?parent=44557"}],"wp:term":[{"taxonomy":"category","embeddable":true,"href":"https:\/\/infovera.com.ar\/web\/wp-json\/wp\/v2\/categories?post=44557"},{"taxonomy":"post_tag","embeddable":true,"href":"https:\/\/infovera.com.ar\/web\/wp-json\/wp\/v2\/tags?post=44557"}],"curies":[{"name":"wp","href":"https:\/\/api.w.org\/{rel}","templated":true}]}}