{"id":44553,"date":"2023-06-13T18:48:01","date_gmt":"2023-06-13T21:48:01","guid":{"rendered":"https:\/\/infovera.com.ar\/web\/?p=44553"},"modified":"2023-06-13T18:48:01","modified_gmt":"2023-06-13T21:48:01","slug":"se-inicio-la-formacion-en-derechos-dirigida-a-clubes-deportivos-para-el-abordaje-de-problematicas-en-ninez-y-adolescencia","status":"publish","type":"post","link":"https:\/\/infovera.com.ar\/web\/2023\/06\/13\/se-inicio-la-formacion-en-derechos-dirigida-a-clubes-deportivos-para-el-abordaje-de-problematicas-en-ninez-y-adolescencia\/","title":{"rendered":"Se inici\u00f3 la formaci\u00f3n en derechos dirigida a clubes deportivos para el abordaje de problem\u00e1ticas en ni\u00f1ez y adolescencia"},"content":{"rendered":"<div>Comenz\u00f3 este viernes la implementaci\u00f3n del Programa de Formaci\u00f3n, Capacitaci\u00f3n y Fortalecimiento de derechos de infancia y adolescencia destinado a clubes e instituciones deportivas, una iniciativa conjunta de la Defensor\u00eda de Ni\u00f1as, Ni\u00f1os y Adolescentes de Santa Fe, la Defensor\u00eda del Pueblo de Santa Fe, y Areda (Asociaci\u00f3n Rosarina de Entidades Deportivas Amateurs) y la Federaci\u00f3n Santafesina de Clubes.\n<\/div>\n<div>El objetivo principal de dicho programa es brindar herramientas a miembros, dirigentes y referentes de los clubes deportivos de la provincia de Santa Fe, en el abordaje integral de las distintas situaciones problem\u00e1ticas que atraviesan las infancias y juventudes que transitan por dichas instituciones.\n<\/div>\n<div>\u201cEsta es una de las tantas iniciativas de ambas Defensor\u00edas que apuntan a construir lazos de cercan\u00eda desde el Estado con la comunidad\u201d, dijeron los organizadores.<\/div>\n<div>La primera capacitaci\u00f3n se llev\u00f3 a cabo el viernes y estuvo a cargo de profesionales del \u00c1rea de Atenci\u00f3n Integral de la Defensor\u00eda de Ni\u00f1as, Ni\u00f1os y Adolescentes de Santa Fe, que se centraron en los pilares que establecen la Convenci\u00f3n de los Derechos del Ni\u00f1o, la Ley nacional 26.061, la Ley provincial 12.967 y todo el espectro normativo internacional.\n<\/div>\n<div>El encuentro se dividi\u00f3 en dos partes, una expositiva y otra participativa, donde los asistentes pudieron reflexionar a partir de la din\u00e1mica de taller sobre situaciones y casos que se dan en el marco de actividades deportivas de los clubes e instituciones, para luego poner en com\u00fan las conclusiones.\n<\/div>\n<div>\u201cA ra\u00edz de la cercan\u00eda territorial con la comunidad, las instituciones deportivas son quienes conocen de primera mano las problem\u00e1ticas que aborda este organismo. Por eso es necesario que cuenten con herramientas de contenci\u00f3n y abordaje de los conflictos que actualmente viven las infancias y adolescencias que concurren o forman parte de esas instituciones deportivas barriales\u201d, sostuvieron los organizadores del Programa.<\/div>\n","protected":false},"excerpt":{"rendered":"<p>Comenz\u00f3 este viernes la implementaci\u00f3n del Programa de Formaci\u00f3n, Capacitaci\u00f3n y Fortalecimiento de derechos de infancia y adolescencia destinado a clubes e instituciones deportivas, una iniciativa conjunta de la Defensor\u00eda de Ni\u00f1as, Ni\u00f1os y Adolescentes de Santa Fe, la Defensor\u00eda del Pueblo de Santa Fe, y Areda (Asociaci\u00f3n Rosarina de Entidades Deportivas Amateurs) y la [&hellip;]<\/p>\n","protected":false},"author":3,"featured_media":44554,"comment_status":"closed","ping_status":"closed","sticky":false,"template":"","format":"standard","meta":{"_joinchat":[],"footnotes":""},"categories":[60],"tags":[],"class_list":{"0":"post-44553","1":"post","2":"type-post","3":"status-publish","4":"format-standard","5":"has-post-thumbnail","7":"category-provinciales"},"_links":{"self":[{"href":"https:\/\/infovera.com.ar\/web\/wp-json\/wp\/v2\/posts\/44553","targetHints":{"allow":["GET"]}}],"collection":[{"href":"https:\/\/infovera.com.ar\/web\/wp-json\/wp\/v2\/posts"}],"about":[{"href":"https:\/\/infovera.com.ar\/web\/wp-json\/wp\/v2\/types\/post"}],"author":[{"embeddable":true,"href":"https:\/\/infovera.com.ar\/web\/wp-json\/wp\/v2\/users\/3"}],"replies":[{"embeddable":true,"href":"https:\/\/infovera.com.ar\/web\/wp-json\/wp\/v2\/comments?post=44553"}],"version-history":[{"count":0,"href":"https:\/\/infovera.com.ar\/web\/wp-json\/wp\/v2\/posts\/44553\/revisions"}],"wp:featuredmedia":[{"embeddable":true,"href":"https:\/\/infovera.com.ar\/web\/wp-json\/wp\/v2\/media\/44554"}],"wp:attachment":[{"href":"https:\/\/infovera.com.ar\/web\/wp-json\/wp\/v2\/media?parent=44553"}],"wp:term":[{"taxonomy":"category","embeddable":true,"href":"https:\/\/infovera.com.ar\/web\/wp-json\/wp\/v2\/categories?post=44553"},{"taxonomy":"post_tag","embeddable":true,"href":"https:\/\/infovera.com.ar\/web\/wp-json\/wp\/v2\/tags?post=44553"}],"curies":[{"name":"wp","href":"https:\/\/api.w.org\/{rel}","templated":true}]}}