{"id":44471,"date":"2023-06-11T18:53:33","date_gmt":"2023-06-11T21:53:33","guid":{"rendered":"https:\/\/infovera.com.ar\/web\/?p=44471"},"modified":"2023-06-11T18:53:33","modified_gmt":"2023-06-11T21:53:33","slug":"fein-y-garcia-en-agroactiva-santa-fe-necesita-un-gobierno-que-le-permita-desarrollar-todo-su-potencial","status":"publish","type":"post","link":"https:\/\/infovera.com.ar\/web\/2023\/06\/11\/fein-y-garcia-en-agroactiva-santa-fe-necesita-un-gobierno-que-le-permita-desarrollar-todo-su-potencial\/","title":{"rendered":"Fein y Garc\u00eda en Agroactiva: &#8220;Santa Fe necesita un gobierno que le permita desarrollar todo su potencial&#8221;"},"content":{"rendered":"<p><strong>Las precandidatas a gobernadora y a diputada provincial de la lista Adelante, dentro del frente Unidos para cambiar Santa Fe, recorrieron la tradicional muestra en Armstrong: \u201cDespu\u00e9s de tres a\u00f1os de sequ\u00eda sin apoyo de Perotti ni de la Naci\u00f3n, la gente del campo est\u00e1 atravesando una situaci\u00f3n muy dif\u00edcil\u201d.<\/strong><\/p>\n<p>Las precandidatas a gobernadora por la lista Adelante (Unidos para cambiar Santa Fe), M\u00f3nica Fein, y a diputada provincial, Clara Garc\u00eda, visitaron Agroactiva 2023, la tradicional muestra agroindustrial que ya lleva 29 ediciones y que esta semana se desarroll\u00f3 en Armstrong.<\/p>\n<p>\u201cComo en tantas otras oportunidades, venir a Agroactiva es ver todo el potencial agroindustrial de Santa Fe: en maquinaria, en tecnolog\u00eda y biotecnolog\u00eda, en ganader\u00eda. Tambi\u00e9n en la capacidad emprendedora de los productores que, en una situaci\u00f3n econ\u00f3mica tan complicada y con una sequ\u00eda sin precedentes, exigen tener un gobierno que los apoye, los acompa\u00f1e y los tenga en cuenta para seguir creciendo y desarroll\u00e1ndose\u201d, se\u00f1al\u00f3 Fein en declaraciones period\u00edsticas.<\/p>\n<p>\u201cHoy estamos en Armstrong pero quienes vivimos en Santa Fe y conocemos lo que pasa cada uno de los pueblos y ciudades que recorremos, entendemos las oportunidades que tiene Santa Fe cuando vuelva a tener un gobierno y se ponga nuevamente en marcha\u201d, enfatiz\u00f3.<\/p>\n<p>En esa l\u00ednea, agreg\u00f3: \u201cEstamos hablando de un sector que genera empleo y divisas genuinas para el pa\u00eds y que, de la mano de un equipamiento cada vez m\u00e1s moderno y de avances tecnol\u00f3gicos que no se detienen, tiene la posibilidad de aumentar a\u00fan m\u00e1s la producci\u00f3n y la creaci\u00f3n de puestos de trabajo\u201d, dijo en referencia a la agroindustria.<\/p>\n<p>Ambas dirigentes recorrieron distintos sectores de la muestra junto con el diputado nacional y precandidato a intendente de Rosario, Enrique Est\u00e9vez; los diputados provinciales Pablo Farias y Lorena Ullieldin,; la ex ministra de Producci\u00f3n de Santa Fe, Alicia Ciciliani; y el presidente de la Comuna de Alvear, Carlos Pigh\u00edn.<\/p>\n<p>En coincidencia con Fein, Garc\u00eda coment\u00f3 que \u201cen di\u00e1logo con muchos empresarios de la agroindustria, reclaman una estabilidad econ\u00f3mica que les permita proyectar, no tener inconvenientes para importar insumos, ofrecer financiamiento a sus clientes, que el d\u00f3lar no los complique constantemente\u201d. Al respecto, a\u00f1adi\u00f3 que \u201cmuchos de ellos est\u00e1n en Agroactiva para hacer negocios y despu\u00e9s de tres a\u00f1os de sequ\u00eda sin apoyo de (el gobernador Omar) Perotti ni de la Naci\u00f3n, la gente del campo est\u00e1 atravesando una situaci\u00f3n muy dif\u00edcil porque ahora le toca pagar las semillas, el fertilizante y otros insumos, los cr\u00e9ditos que ya tomaron. Cambiar una m\u00e1quina, o comprar una sembradora o una cosechadora nuevas es pr\u00e1cticamente imposible. Nuestra propuesta como futuro gobierno es estar al lado de los productores, como lo hemos hecho cuando nos toc\u00f3 conducir la provincia\u201d, sostuvo.<\/p>\n<p>En ese marco, la actual diputada provincial record\u00f3 el programa Equipar, que luego fue convertido en ley, que \u201cpermit\u00eda que muchos municipios y comunas adquirieran m\u00e1quinas como muchas de las que est\u00e1n en esta muestra y dieran trabajo. Hay que volver a eso, a un gobierno comprometido. Miguel Lifschitz nos ense\u00f1\u00f3 a no poner trabas a los productores, sino justamente a ayudarla con un estado inteligente&#8221;, concluy\u00f3.<\/p>\n<p><strong>HOMENAJE A LUIS NARDI<\/strong><\/p>\n<p>En el marco de la inauguraci\u00f3n de la muestra, Clara Garc\u00eda junto al presidente de la C\u00e1mara de Diputadas y Diputados de Santa Fe, Pablo Farias, hicieron entrega de un diploma de honor como ciudadano distinguido de la provincia a Luis Nardi, fundador de la muestra Agroactiva.<\/p>\n","protected":false},"excerpt":{"rendered":"<p>Las precandidatas a gobernadora y a diputada provincial de la lista Adelante, dentro del frente Unidos para cambiar Santa Fe, recorrieron la tradicional muestra en Armstrong: \u201cDespu\u00e9s de tres a\u00f1os de sequ\u00eda sin apoyo de Perotti ni de la Naci\u00f3n, la gente del campo est\u00e1 atravesando una situaci\u00f3n muy dif\u00edcil\u201d. Las precandidatas a gobernadora por [&hellip;]<\/p>\n","protected":false},"author":3,"featured_media":44472,"comment_status":"closed","ping_status":"closed","sticky":false,"template":"","format":"standard","meta":{"_joinchat":[],"footnotes":""},"categories":[66],"tags":[],"class_list":{"0":"post-44471","1":"post","2":"type-post","3":"status-publish","4":"format-standard","5":"has-post-thumbnail","7":"category-politica"},"_links":{"self":[{"href":"https:\/\/infovera.com.ar\/web\/wp-json\/wp\/v2\/posts\/44471","targetHints":{"allow":["GET"]}}],"collection":[{"href":"https:\/\/infovera.com.ar\/web\/wp-json\/wp\/v2\/posts"}],"about":[{"href":"https:\/\/infovera.com.ar\/web\/wp-json\/wp\/v2\/types\/post"}],"author":[{"embeddable":true,"href":"https:\/\/infovera.com.ar\/web\/wp-json\/wp\/v2\/users\/3"}],"replies":[{"embeddable":true,"href":"https:\/\/infovera.com.ar\/web\/wp-json\/wp\/v2\/comments?post=44471"}],"version-history":[{"count":0,"href":"https:\/\/infovera.com.ar\/web\/wp-json\/wp\/v2\/posts\/44471\/revisions"}],"wp:featuredmedia":[{"embeddable":true,"href":"https:\/\/infovera.com.ar\/web\/wp-json\/wp\/v2\/media\/44472"}],"wp:attachment":[{"href":"https:\/\/infovera.com.ar\/web\/wp-json\/wp\/v2\/media?parent=44471"}],"wp:term":[{"taxonomy":"category","embeddable":true,"href":"https:\/\/infovera.com.ar\/web\/wp-json\/wp\/v2\/categories?post=44471"},{"taxonomy":"post_tag","embeddable":true,"href":"https:\/\/infovera.com.ar\/web\/wp-json\/wp\/v2\/tags?post=44471"}],"curies":[{"name":"wp","href":"https:\/\/api.w.org\/{rel}","templated":true}]}}