{"id":44431,"date":"2023-06-09T12:16:10","date_gmt":"2023-06-09T15:16:10","guid":{"rendered":"https:\/\/infovera.com.ar\/web\/?p=44431"},"modified":"2023-06-11T19:40:39","modified_gmt":"2023-06-11T22:40:39","slug":"prision-perpetua-para-el-albanil-que-mato-y-enterro-a-su-esposa-en-el-bano","status":"publish","type":"post","link":"https:\/\/infovera.com.ar\/web\/2023\/06\/09\/prision-perpetua-para-el-albanil-que-mato-y-enterro-a-su-esposa-en-el-bano\/","title":{"rendered":"Prisi\u00f3n perpetua para el alba\u00f1il que mat\u00f3 y enterr\u00f3 a su esposa en el ba\u00f1o"},"content":{"rendered":"<p><strong>El tribunal lo hall\u00f3 culpable de homicidio calificado por el v\u00ednculo y por violencia de g\u00e9nero. Juan Luis Chara acept\u00f3 la autor\u00eda del hecho, ocurrido en Las Toscas en 2020. Fue condenado en un procedimiento abreviado de juicio.<\/strong><\/p>\n<p>Juan Luis Chara descre\u00eda de su paternidad sobre el segundo hijo que criaban con su esposa en una vivienda del barrio Virgen Ni\u00f1a de las Toscas. A pesar de haberlo anotado como suyo, este alba\u00f1il de 38 a\u00f1os ten\u00eda la idea fija: sospechaba que Estela Maris G\u00f3mez (35), su pareja, lo hab\u00eda enga\u00f1ado con otro hombre cuando estuvieron separados y ella, para escapar de los tormentos a la que a somet\u00eda, hab\u00eda recalado en la localidad de Punta Alta, provincia de Buenos Aires.<\/p>\n<p>Hasta esa ciudad del sudoeste bonaerense la fue a buscar la reiniciar la relaci\u00f3n. La convenci\u00f3 y volvieron a convivir en la misma casa de la urbe del norte santafesino, que a la postre ser\u00eda escenario de un femicidio macabro.<\/p>\n<p>Una vez acomodados de nuevo en la morada, el esposo no tard\u00f3 en recriminarle a la v\u00edctima que el hijo que gestaba no era suyo. En reiteradas oportunidades, la acus\u00f3 que era fruto de una relaci\u00f3n extraconyugal y, ciego de los celos, sumi\u00f3 a su pareja en una espiral de violencia f\u00edsica y psicol\u00f3gica aberrante.<\/p>\n<p>El maltrato cotidiano que le propinaba inclu\u00eda desd\u00e9n, desprecio, no la dejaban hablar en reuniones familiares sin su consentimiento, la humillaba en p\u00fablico, no la dejaba salir del hogar sin su permiso y tan solo con la mirada la hac\u00eda callar.<\/p>\n<p><strong>Desenlace fatal<\/strong><\/p>\n<p>En medio de todo ese cuadro de violencia, Chara perge\u00f1aba su acci\u00f3n de femicida: d\u00eda a d\u00eda cavaba un pozo en la parte del ba\u00f1o de la casa. El desenlace fatal llegar\u00eda el martes 11 de agosto de 2020. Por la tarde, luego de una discusi\u00f3n, el hombre golpe\u00f3 a la v\u00edctima por diversas partes del cuerpo, incluso en la cabeza, lo que provoc\u00f3 que cayera contra la pared de la habitaci\u00f3n quedando en estado semiconsciente.<\/p>\n<p>Con la mujer en estado de indefensi\u00f3n, la at\u00f3 con una soga tanto en los miembros inferiores como en el cuello. Con las pocas fuerzas que ten\u00eda y desesperada por ver la muerte tan cerca, Estela Maris luch\u00f3 tratando de sacarse las ataduras. Pero su marido no le dio ninguna oportunidad y la ultim\u00f3 por asfixia mec\u00e1nica con la misma soga.<\/p>\n<p>De ah\u00ed en m\u00e1s, Chara se dio a la tarea de ubicar el cuerpo en el pozo que estaba preparando desde hac\u00eda dos semanas, lo carg\u00f3 con arena y tierra, lo moj\u00f3 y lo dej\u00f3 listo para realizar el contrapiso, hormig\u00f3n que luego realiz\u00f3 con ayuda de dos vecinos.<\/p>\n<p><strong>En busca de coartada<\/strong><\/p>\n<p>Consciente del crimen cometido, busc\u00f3 darse una coartada: comenz\u00f3 a utilizar el aparato telef\u00f3nico celular de la v\u00edctima fingiendo ser ella y manifest\u00e1ndole a una amiga que se ir\u00eda a vivir sola al campo; le cont\u00f3 a su hijo de 10 a\u00f1os que su madre se hab\u00eda ido a vivir sola; envi\u00f3 mensaje de WhatsApp al celular de su esposa asesinada pidi\u00e9ndole que vuelva, los cuales respond\u00eda \u00e9l mismo.<\/p>\n<p>Y, por \u00faltimo, el 13 de agosto de 2020, dos d\u00edas despu\u00e9s de matar y tras llevar a sus hijos hasta un cajero autom\u00e1tico ara hacer una extracci\u00f3n con la tarjeta se su c\u00f3nyuge, fue hasta la comisar\u00eda local y radic\u00f3 una denuncia de pedido de paradero.<\/p>\n<p>De nada le sirvieron tantas artima\u00f1as desplegadas para borrar la sangre de sus manos homicidas. Por la tarde, una comisi\u00f3n policial accedi\u00f3 a requisar su domicilio. Numerarios de la Agencia de Investigaci\u00f3n Criminal de Las Torcas advirtieron un contrapiso de un metro cuadrado que serv\u00eda como escal\u00f3n en el anteba\u00f1o. Lo rompieron y debajo dieron con al cad\u00e1ver de Estela Maris.<\/p>\n<p><strong>Condena aceptada<\/strong><\/p>\n<p>Chara qued\u00f3 detenido hasta la ma\u00f1ana de este viernes cuando el tribunal pluripersonal conformado por los jueces Natalia Palud, Mart\u00edn Gauna Chapero y Mauricio Daniel Martelossi le dict\u00f3 la condena a prisi\u00f3n perpetua por ser penalmente responsable del delito de homicidio calificado por el v\u00ednculo y por violencia de g\u00e9nero. El imputado acept\u00f3 expresamente la responsabilidad penal por los hechos atribuidos y la calificaci\u00f3n legal adoptada y firm\u00f3 al pie de la sentencia a la arribaron las partes en el marco de un procedimiento abreviado de juicio<\/p>\n<p>El acusador fue el fiscal Norberto R\u00edos, de la Unidad Fiscal Las Toscas, en tanto actu\u00f3 como defensor p\u00fablico el abogado Arnaldo Binaghi Muss\u00edn.<\/p>\n","protected":false},"excerpt":{"rendered":"<p>El tribunal lo hall\u00f3 culpable de homicidio calificado por el v\u00ednculo y por violencia de g\u00e9nero. Juan Luis Chara acept\u00f3 la autor\u00eda del hecho, ocurrido en Las Toscas en 2020. Fue condenado en un procedimiento abreviado de juicio. Juan Luis Chara descre\u00eda de su paternidad sobre el segundo hijo que criaban con su esposa en [&hellip;]<\/p>\n","protected":false},"author":3,"featured_media":44433,"comment_status":"closed","ping_status":"closed","sticky":false,"template":"","format":"standard","meta":{"_joinchat":[],"footnotes":""},"categories":[55],"tags":[],"class_list":{"0":"post-44431","1":"post","2":"type-post","3":"status-publish","4":"format-standard","5":"has-post-thumbnail","7":"category-reconquista"},"_links":{"self":[{"href":"https:\/\/infovera.com.ar\/web\/wp-json\/wp\/v2\/posts\/44431","targetHints":{"allow":["GET"]}}],"collection":[{"href":"https:\/\/infovera.com.ar\/web\/wp-json\/wp\/v2\/posts"}],"about":[{"href":"https:\/\/infovera.com.ar\/web\/wp-json\/wp\/v2\/types\/post"}],"author":[{"embeddable":true,"href":"https:\/\/infovera.com.ar\/web\/wp-json\/wp\/v2\/users\/3"}],"replies":[{"embeddable":true,"href":"https:\/\/infovera.com.ar\/web\/wp-json\/wp\/v2\/comments?post=44431"}],"version-history":[{"count":0,"href":"https:\/\/infovera.com.ar\/web\/wp-json\/wp\/v2\/posts\/44431\/revisions"}],"wp:featuredmedia":[{"embeddable":true,"href":"https:\/\/infovera.com.ar\/web\/wp-json\/wp\/v2\/media\/44433"}],"wp:attachment":[{"href":"https:\/\/infovera.com.ar\/web\/wp-json\/wp\/v2\/media?parent=44431"}],"wp:term":[{"taxonomy":"category","embeddable":true,"href":"https:\/\/infovera.com.ar\/web\/wp-json\/wp\/v2\/categories?post=44431"},{"taxonomy":"post_tag","embeddable":true,"href":"https:\/\/infovera.com.ar\/web\/wp-json\/wp\/v2\/tags?post=44431"}],"curies":[{"name":"wp","href":"https:\/\/api.w.org\/{rel}","templated":true}]}}