{"id":44388,"date":"2023-06-07T13:49:07","date_gmt":"2023-06-07T16:49:07","guid":{"rendered":"https:\/\/infovera.com.ar\/web\/?p=44388"},"modified":"2023-06-09T13:10:54","modified_gmt":"2023-06-09T16:10:54","slug":"que-dice-la-cosvel-sobre-la-intimacion-de-la-epe-por-una-deuda-cercana-al-millon-pesos","status":"publish","type":"post","link":"https:\/\/infovera.com.ar\/web\/2023\/06\/07\/que-dice-la-cosvel-sobre-la-intimacion-de-la-epe-por-una-deuda-cercana-al-millon-pesos\/","title":{"rendered":"Qu\u00e9 dice la CosVel sobre la intimaci\u00f3n de la EPE por una deuda cercana al mill\u00f3n pesos"},"content":{"rendered":"<p><strong>La Cooperativa de Servicios de Vera dio su versi\u00f3n sobre el tema. Aleg\u00f3 que no se trata de un incumplimiento. La prestaci\u00f3n del servicio de agua potable enfrenta un panorama cr\u00edtico por la disparada de costos como consecuencia de la inflaci\u00f3n galopante.<\/strong><\/p>\n<p>Con fecha\u00a015 febrero de 2023, la Empresa Provincial de la Energ\u00eda intimo a la Cooperativa de Servicios Vera Limitada a que el plazo perentorio de 10 d\u00edas procediera al pago de una deuda de 880.881,95 pesos.<\/p>\n<p>La prestataria provincial del servicio de energ\u00eda el\u00e9ctrica indic\u00f3 en el &#8220;dicho monto incluye la deuda original por facturas, notas de d\u00e9bito y\/o accesorios&#8221; correspondientes a los per\u00edodos que se especifican en el detalle de deuda exigible.<\/p>\n<p>En tanto, agreg\u00f3 que &#8220;el monto indicado corresponde al valor hist\u00f3rico de la deuda y que deber\u00e1 abonar a esta Empresa, m\u00e1s su respectiva actualizaci\u00f3n y gastos administrativos al momento de su efectivo pago&#8221;.<\/p>\n<p>La EPE advirti\u00f3 a la CosVel que &#8220;de no regularizar la deuda en el plazo estipulado precedentemente mediante el pago total o convenio de pago, quedar\u00e1 facultada para iniciar las acciones legales en su contra&#8221;.<\/p>\n<p><strong>Respuesta oficial<\/strong><\/p>\n<p>Consultados por <strong>InfoVera<\/strong>, directivos de la Cooperativa explicaron que &#8220;no nos llegaron las facturas nunca&#8221; porque &#8220;no estaban incluidas en la n\u00f3mina de grandes usuarios que nosotros pagamos&#8221;.<\/p>\n<p>&#8220;Tiene que quedar claro que no es un incumplimiento del pago voluntario, sino que no nos llegaron esas facturas que corresponden a la bomba del Acueducto. Hay tres bombas y todos los tableros, y hay una una parte que pertenece a nosotros y otra a ASSA&#8221;.<\/p>\n<p>Respecto del incremento de los costos de energ\u00eda, desde la CosVel se mostraron preocupados por el hecho de que &#8220;de pagar 160.000 pesos por mes pasamos a pagar m\u00e1s de 600.000 pesos&#8221;, con lo cual la suba soportada es del 400 por ciento.<\/p>\n<p>&#8220;Es significativamente mayor al costo que ten\u00edamos de nuestras bombas de las perforaciones\u00a0 por eso pedimos un reajuste tarifario al Concejo,que igualmente no sirve de mucho dada la alta inflacion mensual y que no sabemos cu\u00e1ndo podremos aplicarla por los tramites de autorizaci\u00f3n del mismo&#8221;, contextualizaron.<\/p>\n<p><strong>Desfasaje\u00a0<\/strong><\/p>\n<p>El aumento que aprob\u00f3 el legislativo verense en su \u00faltima sesi\u00f3n -con votos a favor de los bloques oficialista y de la UCR, y los votos negativos de los representantes de Sumemos Esfuerzos- es el primero de a\u00f1o, aunque hubo uno en diciembre pasado. &#8220;Al aumento de diciembre lo pudimos aplicar reci\u00e9n reci\u00e9n en abril, porque es hasta que vino la autorizaci\u00f3n&#8221;, rese\u00f1aron.<\/p>\n<p>Para ilustrar el desfasaje de costos que impera por la inflaci\u00f3n, la CosVel maneja un cuadro comparativo que refleja que, a valores hist\u00f3ricos, el costo mensual del agua en la \u00e9poca del uno a uno era nueve pesos &#8211; nueve d\u00f3lares por usuario residencial; si hoy se hace la conversi\u00f3n al valor actual de la moneda estadounidense la cuenta da 2.300 pesos por frentista, pero la realidad muestra que la factura actual por contribuyente se ubica en 1.012 pesos. Un atraso estimado del 56 por ciento para consumos basicos de 15.000 litros.<\/p>\n","protected":false},"excerpt":{"rendered":"<p>La Cooperativa de Servicios de Vera dio su versi\u00f3n sobre el tema. Aleg\u00f3 que no se trata de un incumplimiento. La prestaci\u00f3n del servicio de agua potable enfrenta un panorama cr\u00edtico por la disparada de costos como consecuencia de la inflaci\u00f3n galopante. Con fecha\u00a015 febrero de 2023, la Empresa Provincial de la Energ\u00eda intimo a [&hellip;]<\/p>\n","protected":false},"author":3,"featured_media":27867,"comment_status":"closed","ping_status":"closed","sticky":false,"template":"","format":"standard","meta":{"_joinchat":[],"footnotes":""},"categories":[53],"tags":[],"class_list":{"0":"post-44388","1":"post","2":"type-post","3":"status-publish","4":"format-standard","5":"has-post-thumbnail","7":"category-vera"},"_links":{"self":[{"href":"https:\/\/infovera.com.ar\/web\/wp-json\/wp\/v2\/posts\/44388","targetHints":{"allow":["GET"]}}],"collection":[{"href":"https:\/\/infovera.com.ar\/web\/wp-json\/wp\/v2\/posts"}],"about":[{"href":"https:\/\/infovera.com.ar\/web\/wp-json\/wp\/v2\/types\/post"}],"author":[{"embeddable":true,"href":"https:\/\/infovera.com.ar\/web\/wp-json\/wp\/v2\/users\/3"}],"replies":[{"embeddable":true,"href":"https:\/\/infovera.com.ar\/web\/wp-json\/wp\/v2\/comments?post=44388"}],"version-history":[{"count":0,"href":"https:\/\/infovera.com.ar\/web\/wp-json\/wp\/v2\/posts\/44388\/revisions"}],"wp:featuredmedia":[{"embeddable":true,"href":"https:\/\/infovera.com.ar\/web\/wp-json\/wp\/v2\/media\/27867"}],"wp:attachment":[{"href":"https:\/\/infovera.com.ar\/web\/wp-json\/wp\/v2\/media?parent=44388"}],"wp:term":[{"taxonomy":"category","embeddable":true,"href":"https:\/\/infovera.com.ar\/web\/wp-json\/wp\/v2\/categories?post=44388"},{"taxonomy":"post_tag","embeddable":true,"href":"https:\/\/infovera.com.ar\/web\/wp-json\/wp\/v2\/tags?post=44388"}],"curies":[{"name":"wp","href":"https:\/\/api.w.org\/{rel}","templated":true}]}}