{"id":44364,"date":"2023-06-05T16:33:23","date_gmt":"2023-06-05T19:33:23","guid":{"rendered":"https:\/\/infovera.com.ar\/web\/?p=44364"},"modified":"2023-06-06T20:41:59","modified_gmt":"2023-06-06T23:41:59","slug":"la-provincia-aseguro-que-seguiran-en-marcha-las-obras-publicas","status":"publish","type":"post","link":"https:\/\/infovera.com.ar\/web\/2023\/06\/05\/la-provincia-aseguro-que-seguiran-en-marcha-las-obras-publicas\/","title":{"rendered":"La provincia asegur\u00f3 que seguir\u00e1n en marcha las obras p\u00fablicas"},"content":{"rendered":"<p><strong>Pese a la situaci\u00f3n macroecon\u00f3mica compleja, se cumplir\u00e1 con las obligaciones acordadas y se realizar\u00e1n los pagos correspondientes.<\/strong><\/p>\n<p>El ministro de Trabajo, Empleo y Seguridad Social, Juan Manuel Pusineri, expres\u00f3 que \u201ctodas y cada una de las obras que tiene en marcha la provincia van a seguir adelante y todos los certificados de obra que se vayan presentando van a ser pagados. Esto en un contexto en el cual se contabilizan m\u00e1s de 15.000 empleos registrados en forma directa en todo el territorio, producto de estas actividades\u201d.<\/p>\n<p>El ministro destac\u00f3 que los pagos se ven\u00edan realizando en plazos incluso menores a los establecidos y que hoy \u201cexiste una cuesti\u00f3n p\u00fablica y notoria en relaci\u00f3n a la macroeconom\u00eda argentina y la repercusi\u00f3n que esto tiene en las cuentas p\u00fablicas, que est\u00e1 determinada por la sequ\u00eda, la inflaci\u00f3n y la restricci\u00f3n de divisas. Como producto de esta situaci\u00f3n vamos a necesitar extender dichos per\u00edodos para realizar las cancelaciones correspondientes, pero esto de ninguna manera significa que se vaya a paralizar ninguna obra que est\u00e1 en marcha. Lo que est\u00e1 haciendo la provincia es reprogramar pagos con las empresas\u201d.<\/p>\n<p>Pusineri asegur\u00f3 que \u201clas empresas tienen la certidumbre de que la gesti\u00f3n provincial, en tanto y en cuanto pueda mejorar el perfil de los pagos, lo va a hacer. En este sentido tengo que citar un antecedente: cuando asumimos el gobierno nos encontramos con una deuda important\u00edsima que dej\u00f3 el anterior gobierno con las constructoras. Esta deuda no s\u00f3lo fue cancelada, sino que adem\u00e1s se puso en marcha un ambicioso plan de infraestructura que tiene impacto a lo largo y a lo ancho de la provincia\u201d.<\/p>\n<p>Finalmente, el responsable de la cartera laboral manifest\u00f3 que \u201clo que estamos solicitando en un momento dif\u00edcil es la responsabilidad de cada uno de los sectores para que no se produzcan despidos ni suspensiones. Ese es nuestro objetivo. Para eso apelamos a la colaboraci\u00f3n y al di\u00e1logo entre las empresas, al Sindicato de la Construcci\u00f3n y el gobierno, sabiendo que las obras van a seguir en marcha y que los pagos se van a realizar\u201d.<\/p>\n","protected":false},"excerpt":{"rendered":"<p>Pese a la situaci\u00f3n macroecon\u00f3mica compleja, se cumplir\u00e1 con las obligaciones acordadas y se realizar\u00e1n los pagos correspondientes. El ministro de Trabajo, Empleo y Seguridad Social, Juan Manuel Pusineri, expres\u00f3 que \u201ctodas y cada una de las obras que tiene en marcha la provincia van a seguir adelante y todos los certificados de obra que [&hellip;]<\/p>\n","protected":false},"author":3,"featured_media":19392,"comment_status":"closed","ping_status":"closed","sticky":false,"template":"","format":"standard","meta":{"_joinchat":[],"footnotes":""},"categories":[60],"tags":[],"class_list":{"0":"post-44364","1":"post","2":"type-post","3":"status-publish","4":"format-standard","5":"has-post-thumbnail","7":"category-provinciales"},"_links":{"self":[{"href":"https:\/\/infovera.com.ar\/web\/wp-json\/wp\/v2\/posts\/44364","targetHints":{"allow":["GET"]}}],"collection":[{"href":"https:\/\/infovera.com.ar\/web\/wp-json\/wp\/v2\/posts"}],"about":[{"href":"https:\/\/infovera.com.ar\/web\/wp-json\/wp\/v2\/types\/post"}],"author":[{"embeddable":true,"href":"https:\/\/infovera.com.ar\/web\/wp-json\/wp\/v2\/users\/3"}],"replies":[{"embeddable":true,"href":"https:\/\/infovera.com.ar\/web\/wp-json\/wp\/v2\/comments?post=44364"}],"version-history":[{"count":0,"href":"https:\/\/infovera.com.ar\/web\/wp-json\/wp\/v2\/posts\/44364\/revisions"}],"wp:featuredmedia":[{"embeddable":true,"href":"https:\/\/infovera.com.ar\/web\/wp-json\/wp\/v2\/media\/19392"}],"wp:attachment":[{"href":"https:\/\/infovera.com.ar\/web\/wp-json\/wp\/v2\/media?parent=44364"}],"wp:term":[{"taxonomy":"category","embeddable":true,"href":"https:\/\/infovera.com.ar\/web\/wp-json\/wp\/v2\/categories?post=44364"},{"taxonomy":"post_tag","embeddable":true,"href":"https:\/\/infovera.com.ar\/web\/wp-json\/wp\/v2\/tags?post=44364"}],"curies":[{"name":"wp","href":"https:\/\/api.w.org\/{rel}","templated":true}]}}