{"id":44326,"date":"2023-06-02T17:28:52","date_gmt":"2023-06-02T20:28:52","guid":{"rendered":"https:\/\/infovera.com.ar\/web\/?p=44326"},"modified":"2023-06-05T12:01:24","modified_gmt":"2023-06-05T15:01:24","slug":"la-provincia-presento-indicadores-sanitarios-en-el-marco-del-plan-de-1000-dias","status":"publish","type":"post","link":"https:\/\/infovera.com.ar\/web\/2023\/06\/02\/la-provincia-presento-indicadores-sanitarios-en-el-marco-del-plan-de-1000-dias\/","title":{"rendered":"La provincia present\u00f3 indicadores sanitarios en el marco del Plan de 1000 D\u00edas"},"content":{"rendered":"<p>El gobierno provincial present\u00f3 esta ma\u00f1ana indicadores sanitarios que permiten llevar adelante diferentes estrategias, para proteger a la persona gestante y a los ni\u00f1os y ni\u00f1as en la primera infancia.<\/p>\n<p>El mismo, se lleva adelante en el proyecto de cooperaci\u00f3n internacional con UNICEF, dentro de la ley de los 1000 d\u00edas, con la participaci\u00f3n de los Ministerios de Salud, Desarrollo Social, Educaci\u00f3n y el de Igualdad, G\u00e9nero y Diversidad, permitiendo trabajar de forma interdisciplinaria en cada territorio.<\/p>\n<p>En este sentido, la directora de Ni\u00f1ez y Adolescencia, Silvina Vaghetti, expres\u00f3 que \u201cla presentaci\u00f3n de la Regi\u00f3n Santa Fe es la primera que se lleva adelante. Uno de los ejes del plan de cooperaci\u00f3n es tener un tablero de control que desde nuestro \u00e1rea y coordinado con la direcci\u00f3n de estad\u00edstica, podamos llevar adelante con indicadores que no solamente tienen que ver con la salud sino tambi\u00e9n con un tinte social, y nos permiten saber bien, en concreto, qu\u00e9 es lo que se tiene que mejorar para lograr un progreso\u201d.<\/p>\n<p>\u201cHay que se\u00f1alar que los indicadores son n\u00fameros duros y de forma interministerial e interdisciplinario le damos una din\u00e1mica tal que nos permita trabajarlo de una manera m\u00e1s territorial e intersectorial siendo una de las formas \u00a0en la que se pueden abordar y mejorar estos indicadores siempre pensando en la salud integral de nuestros ni\u00f1os, ni\u00f1as y adolescentes\u201d, continu\u00f3.<\/p>\n<p>&#8220;Adem\u00e1s -mencion\u00f3 la funcionaria- se est\u00e1 trabajando en conjunto con el Centro Coordinador de Redes y Telesalud (CCRT) coordinando acciones de \u00a0referencia y contrareferencia de personas gestantes y teniendo en cuenta la interculturalidad, por ejemplo en el dpto San Javier&#8221;.<\/p>\n<p>Al mismo tiempo, Vaghetti agreg\u00f3:\u201cAlgunas estrategias que surgen de este tablero de control tienen que ver con alimentaci\u00f3n saludable, obesidad infantil, remarcando que la rep\u00fablica Argentina est\u00e1 dentro de los \u00a0pa\u00edses con mayor prevalencia de sobrepeso y Obesidad de ni\u00f1os y ni\u00f1as, \u00a0entonces junto con el equipo del \u00a0CCRT llevamos adelante en la regi\u00f3n Reconquista el acompa\u00f1amiento, recupero y seguimiento, ya sea a un control m\u00e9dico u otra estrategia, que permitan cambiar esta condici\u00f3n de los infantes\u201d.<\/p>\n<p>Asimismo, la funcionaria santafesina remarc\u00f3 que \u201cen conjunto con UNICEF se van a llevar adelante dentro del proyecto, junto con el Ministerio de Educaci\u00f3n las asesor\u00edas de salud integral adolescente que forman parte de todas estas estrategias principalmente en lo que tiene que ver con prevenci\u00f3n de embarazo no planificado adolescente \u201d.<\/p>\n<p>Finalmente, resalt\u00f3 que \u201cuna de las acciones que se lleva adelante hace m\u00e1s de 3 a\u00f1os es el abordaje de cardiopat\u00edas cong\u00e9nitas, ya que se trata de uno de los factores de mortalidad neonatal. Se logr\u00f3 bajar la mortalidad notablemente a trav\u00e9s de un equipo del hospital Garraham\u201d.<\/p>\n","protected":false},"excerpt":{"rendered":"<p>El gobierno provincial present\u00f3 esta ma\u00f1ana indicadores sanitarios que permiten llevar adelante diferentes estrategias, para proteger a la persona gestante y a los ni\u00f1os y ni\u00f1as en la primera infancia. El mismo, se lleva adelante en el proyecto de cooperaci\u00f3n internacional con UNICEF, dentro de la ley de los 1000 d\u00edas, con la participaci\u00f3n de [&hellip;]<\/p>\n","protected":false},"author":3,"featured_media":44327,"comment_status":"closed","ping_status":"closed","sticky":false,"template":"","format":"standard","meta":{"_joinchat":[],"footnotes":""},"categories":[60],"tags":[],"class_list":{"0":"post-44326","1":"post","2":"type-post","3":"status-publish","4":"format-standard","5":"has-post-thumbnail","7":"category-provinciales"},"_links":{"self":[{"href":"https:\/\/infovera.com.ar\/web\/wp-json\/wp\/v2\/posts\/44326","targetHints":{"allow":["GET"]}}],"collection":[{"href":"https:\/\/infovera.com.ar\/web\/wp-json\/wp\/v2\/posts"}],"about":[{"href":"https:\/\/infovera.com.ar\/web\/wp-json\/wp\/v2\/types\/post"}],"author":[{"embeddable":true,"href":"https:\/\/infovera.com.ar\/web\/wp-json\/wp\/v2\/users\/3"}],"replies":[{"embeddable":true,"href":"https:\/\/infovera.com.ar\/web\/wp-json\/wp\/v2\/comments?post=44326"}],"version-history":[{"count":0,"href":"https:\/\/infovera.com.ar\/web\/wp-json\/wp\/v2\/posts\/44326\/revisions"}],"wp:featuredmedia":[{"embeddable":true,"href":"https:\/\/infovera.com.ar\/web\/wp-json\/wp\/v2\/media\/44327"}],"wp:attachment":[{"href":"https:\/\/infovera.com.ar\/web\/wp-json\/wp\/v2\/media?parent=44326"}],"wp:term":[{"taxonomy":"category","embeddable":true,"href":"https:\/\/infovera.com.ar\/web\/wp-json\/wp\/v2\/categories?post=44326"},{"taxonomy":"post_tag","embeddable":true,"href":"https:\/\/infovera.com.ar\/web\/wp-json\/wp\/v2\/tags?post=44326"}],"curies":[{"name":"wp","href":"https:\/\/api.w.org\/{rel}","templated":true}]}}