{"id":44320,"date":"2023-06-01T17:55:55","date_gmt":"2023-06-01T20:55:55","guid":{"rendered":"https:\/\/infovera.com.ar\/web\/?p=44320"},"modified":"2023-06-01T17:55:55","modified_gmt":"2023-06-01T20:55:55","slug":"la-sequia-sigue-haciendo-estragos-en-el-norte","status":"publish","type":"post","link":"https:\/\/infovera.com.ar\/web\/2023\/06\/01\/la-sequia-sigue-haciendo-estragos-en-el-norte\/","title":{"rendered":"La sequ\u00eda sigue haciendo estragos en el norte"},"content":{"rendered":"<p>Este operativo comenz\u00f3 en diciembre del a\u00f1o pasado cuando el Ministro de la Producci\u00f3n Daniel Costamagna convoc\u00f3 a las sociedades rurales de Vera y Calchaqu\u00ed para hacer frente a los problemas que ya estaba generando la falta de lluvias.<\/p>\n<p>&nbsp;<\/p>\n<p>Como Vera no cuenta con la Asociaci\u00f3n para el Desarrollo se apel\u00f3 a formar una \u201cComisi\u00f3n de Emergencia\u201d, integrada por un equipo asesor del senador Osvaldo Sosa, intendentes, presidentes comunales, Organizaci\u00f3n de peque\u00f1os productores y la Sociedad Rural de Vera, entidad \u00e9sta que ser\u00eda la que administrar\u00eda los fondos remitidos por el gobierno de la provincia.<\/p>\n<p>&nbsp;<\/p>\n<p>El presidente de la SRV, Sebasti\u00e1n Volkart dijo, en el Noticiero Local, que \u201cla primera tarea encarada por esa comisi\u00f3n fue un relevamiento distrital con verificaci\u00f3n en el terreno de la verdadera situaci\u00f3n de cada lugar para priorizar las necesidades y urgencias\u201d.<\/p>\n<p>&nbsp;<\/p>\n<p>\u201cJunto al equipo de trabajo del senador, presidentes comunales y referentes territoriales del Ministerio recorrimos las zonas m\u00e1s cr\u00edticas, lo que nos permiti\u00f3 decidir sobre la tarea a ejecutar que incluy\u00f3 el acarreo de agua, alquiler de maquinaria para limpiar algunas represas y los estudios geoel\u00e9ctricos para realizar nuevas perforaciones\u201d, explic\u00f3.<\/p>\n<p>&nbsp;<\/p>\n<p>Detall\u00f3 que se debieron contratar camiones con capacidad de 30 mil litros, adem\u00e1s de las cisternas de 10 y 8 mil litros que totalizaron 1600 viajes; tarea que desnud\u00f3 los problemas de infraestructura de toda la regi\u00f3n por cuanto los caminos de piso natural no estaban en condiciones de soportar el permanente tr\u00e1nsito pesado, lo que tambi\u00e9n provoc\u00f3 la destrucci\u00f3n de alcantarillas y complic\u00f3 el plan de trabajo.<\/p>\n<p>&nbsp;<\/p>\n<p>Hoy las lluvias siguen sin aparecer y preocupa estar en oto\u00f1o sin pasto y graves problemas en la parici\u00f3n, por lo que urge la implementaci\u00f3n de un plan de subsidios que permitan recuperar los terneros y mantener a las madres.<\/p>\n<p>&nbsp;<\/p>\n<p>\u201cLa situaci\u00f3n sigue siendo cr\u00edtica y en algunos distritos el panorama es desolador, con el agravante de que a algunos lugares no se puede llegar con la ayuda\u201d, agreg\u00f3.<\/p>\n<p>&nbsp;<\/p>\n<p>Volkart tambi\u00e9n dijo que \u201ca\u00fan no podemos dimensionar las p\u00e9rdidas por cuanto sobre un programa de vacunaci\u00f3n de 530 mil animales, unos 40 mil no han sido inoculados, pero no podemos precisar si han sido trasladados, han tenido una venta forzosa o directamente se han muerto; con el agregado de que la SRV ha bonificado la venta de vacunas a peque\u00f1os productores para que todos puedan cumplir con la campa\u00f1a\u201d.<\/p>\n<p>&nbsp;<\/p>\n<p>Ante la ansiedad expresada por algunos productores pidi\u00f3 \u201cpaciencia porque estamos ante una situaci\u00f3n in\u00e9dita que hemos logrado atender poniendo lo mejor de cada uno\u201d.<\/p>\n<p>&nbsp;<\/p>\n<p>Cost\u00f3 mucho trabajo armar esta estructura, las decisiones se toman en equipo y la Sociedad Rural de Vera es la que debe administrar con transparencia los recursos que env\u00eda el Estado que ya suman $108 millones y se espera que en los pr\u00f3ximos d\u00edas lleguen $50 millones m\u00e1s\u201d, concluy\u00f3.<\/p>\n<p>&nbsp;<\/p>\n<p>Letyana Press<\/p>\n","protected":false},"excerpt":{"rendered":"<p>Este operativo comenz\u00f3 en diciembre del a\u00f1o pasado cuando el Ministro de la Producci\u00f3n Daniel Costamagna convoc\u00f3 a las sociedades rurales de Vera y Calchaqu\u00ed para hacer frente a los problemas que ya estaba generando la falta de lluvias. &nbsp; Como Vera no cuenta con la Asociaci\u00f3n para el Desarrollo se apel\u00f3 a formar una [&hellip;]<\/p>\n","protected":false},"author":3,"featured_media":44321,"comment_status":"closed","ping_status":"closed","sticky":false,"template":"","format":"standard","meta":{"_joinchat":[],"footnotes":""},"categories":[53],"tags":[],"class_list":{"0":"post-44320","1":"post","2":"type-post","3":"status-publish","4":"format-standard","5":"has-post-thumbnail","7":"category-vera"},"_links":{"self":[{"href":"https:\/\/infovera.com.ar\/web\/wp-json\/wp\/v2\/posts\/44320","targetHints":{"allow":["GET"]}}],"collection":[{"href":"https:\/\/infovera.com.ar\/web\/wp-json\/wp\/v2\/posts"}],"about":[{"href":"https:\/\/infovera.com.ar\/web\/wp-json\/wp\/v2\/types\/post"}],"author":[{"embeddable":true,"href":"https:\/\/infovera.com.ar\/web\/wp-json\/wp\/v2\/users\/3"}],"replies":[{"embeddable":true,"href":"https:\/\/infovera.com.ar\/web\/wp-json\/wp\/v2\/comments?post=44320"}],"version-history":[{"count":0,"href":"https:\/\/infovera.com.ar\/web\/wp-json\/wp\/v2\/posts\/44320\/revisions"}],"wp:featuredmedia":[{"embeddable":true,"href":"https:\/\/infovera.com.ar\/web\/wp-json\/wp\/v2\/media\/44321"}],"wp:attachment":[{"href":"https:\/\/infovera.com.ar\/web\/wp-json\/wp\/v2\/media?parent=44320"}],"wp:term":[{"taxonomy":"category","embeddable":true,"href":"https:\/\/infovera.com.ar\/web\/wp-json\/wp\/v2\/categories?post=44320"},{"taxonomy":"post_tag","embeddable":true,"href":"https:\/\/infovera.com.ar\/web\/wp-json\/wp\/v2\/tags?post=44320"}],"curies":[{"name":"wp","href":"https:\/\/api.w.org\/{rel}","templated":true}]}}