{"id":44274,"date":"2023-05-31T08:51:20","date_gmt":"2023-05-31T11:51:20","guid":{"rendered":"https:\/\/infovera.com.ar\/web\/?p=44274"},"modified":"2023-05-31T08:51:20","modified_gmt":"2023-05-31T11:51:20","slug":"preventiva-de-un-hombre-investigado-por-el-abuso-sexual-de-un-nino-en-san-justo","status":"publish","type":"post","link":"https:\/\/infovera.com.ar\/web\/2023\/05\/31\/preventiva-de-un-hombre-investigado-por-el-abuso-sexual-de-un-nino-en-san-justo\/","title":{"rendered":"Preventiva de un hombre investigado por el abuso sexual de un ni\u00f1o en\u00a0San Justo"},"content":{"rendered":"<p><strong>As\u00ed fue resuelto en una audiencia que se desarroll\u00f3 en los tribunales de la capital provincial. La v\u00edctima tiene s\u00edndrome de Down y conviv\u00eda con el imputado. La investigaci\u00f3n est\u00e1 a cargo de la Unidad Fiscal San Justo de la Fiscal\u00eda Regional 1.<\/strong><\/p>\n<p>Qued\u00f3 en prisi\u00f3n preventiva un hombre que es investigado\u00a0por haber\u00a0abusado sexualmente de un ni\u00f1o\u00a0en San Justo. As\u00ed fue dispuesto por\u00a0el juez\u00a0de la Investigaci\u00f3n Penal Preparatoria (IPP),\u00a0Pablo Busaniche,\u00a0en una audiencia\u00a0desarrollada\u00a0en los tribunales de la ciudad de Santa Fe.<\/p>\n<p>La Unidad Fiscal San Justo de la Fiscal\u00eda Regional 1\u00a0lleva a cabo\u00a0la investigaci\u00f3n y solicit\u00f3 la medida cautelar para el imputado, cuyas iniciales son\u00a0MOM.\u00a0En tal sentido, valor\u00f3 que \u201caunque la Defensa se opuso a la privaci\u00f3n de la libertad, tras escuchar lo argumentado por ambas partes y lo expuesto por la madre de la v\u00edctima, el magistrado hizo lugar a nuestro requerimiento\u201d.<\/p>\n<p><strong>Abusos<\/strong><\/p>\n<p>El MPA afirm\u00f3 que \u201clos abusos fueron cometidos entre el a\u00f1o pasado y este a\u00f1o en perjuicio de un ni\u00f1o que cursa la escuela primaria y tiene s\u00edndrome de Down\u201d. Al respecto, se plante\u00f3 que \u201cen reiteradas ocasiones en las que se qued\u00f3 a cargo de cuidarlo, el imputado vulner\u00f3 sexualmente a la v\u00edctima en una casa en la que conviv\u00edan\u201d.<\/p>\n<p>\u201cDadas\u00a0las caracter\u00edsticas de los ataques\u00a0y las circunstancias\u00a0en las que sucedieron,\u00a0configuraron un sometimiento sexual gravemente ultrajante\u201d,\u00a0sostuvo la Fiscal\u00eda. \u201cEs claro que lo ocurrido tuvo entidad suficiente para afectar la salud f\u00edsica y psicol\u00f3gica de la v\u00edctima\u201d, se remarc\u00f3.<\/p>\n<p><strong>Delitos calificados<\/strong><\/p>\n<p>Al hombre\u00a0de iniciales MOM\u00a0se le atribuy\u00f3 la autor\u00eda de abuso sexual gravemente ultrajante y corrupci\u00f3n de menores, ambos delitos calificados por la convivencia y la guarda.<\/p>\n","protected":false},"excerpt":{"rendered":"<p>As\u00ed fue resuelto en una audiencia que se desarroll\u00f3 en los tribunales de la capital provincial. La v\u00edctima tiene s\u00edndrome de Down y conviv\u00eda con el imputado. La investigaci\u00f3n est\u00e1 a cargo de la Unidad Fiscal San Justo de la Fiscal\u00eda Regional 1. Qued\u00f3 en prisi\u00f3n preventiva un hombre que es investigado\u00a0por haber\u00a0abusado sexualmente de [&hellip;]<\/p>\n","protected":false},"author":3,"featured_media":0,"comment_status":"closed","ping_status":"closed","sticky":false,"template":"","format":"standard","meta":{"_joinchat":[],"footnotes":""},"categories":[51,30],"tags":[],"class_list":{"0":"post-44274","1":"post","2":"type-post","3":"status-publish","4":"format-standard","6":"category-locales","7":"category-policiales"},"_links":{"self":[{"href":"https:\/\/infovera.com.ar\/web\/wp-json\/wp\/v2\/posts\/44274","targetHints":{"allow":["GET"]}}],"collection":[{"href":"https:\/\/infovera.com.ar\/web\/wp-json\/wp\/v2\/posts"}],"about":[{"href":"https:\/\/infovera.com.ar\/web\/wp-json\/wp\/v2\/types\/post"}],"author":[{"embeddable":true,"href":"https:\/\/infovera.com.ar\/web\/wp-json\/wp\/v2\/users\/3"}],"replies":[{"embeddable":true,"href":"https:\/\/infovera.com.ar\/web\/wp-json\/wp\/v2\/comments?post=44274"}],"version-history":[{"count":0,"href":"https:\/\/infovera.com.ar\/web\/wp-json\/wp\/v2\/posts\/44274\/revisions"}],"wp:attachment":[{"href":"https:\/\/infovera.com.ar\/web\/wp-json\/wp\/v2\/media?parent=44274"}],"wp:term":[{"taxonomy":"category","embeddable":true,"href":"https:\/\/infovera.com.ar\/web\/wp-json\/wp\/v2\/categories?post=44274"},{"taxonomy":"post_tag","embeddable":true,"href":"https:\/\/infovera.com.ar\/web\/wp-json\/wp\/v2\/tags?post=44274"}],"curies":[{"name":"wp","href":"https:\/\/api.w.org\/{rel}","templated":true}]}}