{"id":44251,"date":"2023-05-30T10:09:19","date_gmt":"2023-05-30T13:09:19","guid":{"rendered":"https:\/\/infovera.com.ar\/web\/?p=44251"},"modified":"2023-05-31T08:36:24","modified_gmt":"2023-05-31T11:36:24","slug":"calchaqui-las-ofertas-para-la-red-de-desagues-estuvieron-muy-por-arriba-del-presupuesto-oficial","status":"publish","type":"post","link":"https:\/\/infovera.com.ar\/web\/2023\/05\/30\/calchaqui-las-ofertas-para-la-red-de-desagues-estuvieron-muy-por-arriba-del-presupuesto-oficial\/","title":{"rendered":"Calchaqu\u00ed: las ofertas para construir la red de desag\u00fces estuvieron muy por arriba del presupuesto oficial"},"content":{"rendered":"<p>El acto de apertura de sobres licitatorios tuvo lugar en el Hotel Col\u00f3n de Calchaqu\u00ed.<\/p>\n<p>Fue presidido por la ministra de Infraestructura de la provincia Silvina Frana, junto al intendente Rub\u00e9n Cuello y al senador Osvaldo Sosa.<\/p>\n<p>Las ofertas para realizar la obra que tiene un presupuesto oficial de 1.894 millones de pesos estuvieron un 50 por ciento por arriba de la estimaci\u00f3n prevista.<\/p>\n<p>Las tres ofertas: 2.932 millones, 3.039 millones y 2.874 millones.<\/p>\n<p>La ministra Frana aclar\u00f3 que a pesar de los costos elevados que tasaron las empresas oferentes hay que tener en cuenta que el presupuesto es de febrero y la inflaci\u00f3n tiene incidencia. &#8220;Esto no implica que la obra no se va realizar, sino que todo lo contrario&#8221;.<\/p>\n<div id=\"content-post\">\n<div class=\"entry\">\n<p>En la oportunidad, Frana afirm\u00f3 que \u201ces una excelente noticia para los vecinos del Calchaqu\u00ed. Gracias al compromiso de su gente, hoy tenemos una obra hist\u00f3rica en marcha. A trav\u00e9s de ese compromiso valios\u00edsimo, alumnos universitarios idearon este proyecto en su tesis y hoy, con la aprobaci\u00f3n de la secretar\u00eda de Recursos H\u00eddricos de Naci\u00f3n, ese proyecto de tesis es una obra concreta, que sale del papel para hacerse realidad. Este es un claro ejemplo de cuando hablamos de arraigo, gente con ideas y compromiso decide trabajar por su localidad y cuando encuentra las oportunidades para ello se logran estas cosas trascendentales\u201d.<\/p>\n<p>\u201cEs un orgullo ver c\u00f3mo crece una localidad, con su gente pujante para que esto suceda, transitar sus calles y ver c\u00f3mo qued\u00f3 la terminal de Calchaqu\u00ed, es algo que admiramos todos. Estas son las acciones que permiten el crecimiento y el desarrollo, que tienen que ver con el d\u00eda a d\u00eda de la gente y que en situaciones tan adversas que enfrentamos con esta pandemia, ponemos todo el esfuerzo para fortalecer la infraestructura en cada rinc\u00f3n de la provincia. Ese es nuestro primer objetivo: estar presente donde la gente lo necesita\u201d.<\/p>\n<p>Por su parte, Cuello expres\u00f3 que \u201ctenemos una gran satisfacci\u00f3n por esta obra tan anhelada por nuestro pueblo, por nuestra ciudad. Cuando nos comunicaron desde Naci\u00f3n que llamemos a licitaci\u00f3n p\u00fablica fue una gran emoci\u00f3n, porque esta es una obra de gran envergadura por todo lo que se va a hacer dentro de 46 manzanas. Es un compromiso y un trabajo de todos, as\u00ed que de mi parte, agradecerles a todos el acompa\u00f1amiento\u201d.<\/p>\n<p>A su turno, Sosa se\u00f1al\u00f3: \u201cEsto es la consecuencia de un trabajo permanente en la gesti\u00f3n para conseguir absolutamente todo para Calchaqui. No s\u00e9 qu\u00e9 intendente en la provincia puede exhibir 128 cuadras de pavimento, tener la estaci\u00f3n terminal, tener el ripiado a la Laguna El Cristal, los caminos de la ruralidad, los est\u00edmulos para la producci\u00f3n l\u00e1ctea, entre otras acciones. Por eso, licitar esta obra es realmente una inversi\u00f3n important\u00edsima, es una obra muy grande. Naci\u00f3n nos brind\u00f3 este monto, imposible de abordar para una comuna y no me queda otra que felicitar a todos los responsables\u201d.<\/p>\n<p><strong>LA OBRA<\/strong><\/p>\n<p>El proyecto prev\u00e9 la construcci\u00f3n de conductos de hormig\u00f3n y revestimiento de canales para drenar excedentes h\u00eddricos del casco urbano hacia las cuencas del Arroyo Esp\u00edn, la Ca\u00f1ada de Uribe y Puentes Gras. Adem\u00e1s, se revestir\u00e1n canales en distintas arterias viales, para el drenaje de excedentes h\u00eddricos de la ciudad. La intervenci\u00f3n abarca desde Bv. Belgrano hasta calle Ej\u00e9rcito Argentino, y desde el ferrocarril hasta la Ruta 11.<\/p>\n<p>La obra tendr\u00e1 un plazo de ejecuci\u00f3n de 12 meses y ser\u00e1 financiada con fondos nacionales. Al acto licitatorio se presentaron tres oferentes: MARLE CONSTRUCCIONES S.A. que cotiz\u00f3 $2.992.138.531,18; LUROVIAL S.R.L. cotiz\u00f3 $3.039.274.637,82; y una \u00faltima oferente correspondiente a la empresa ERETZ S.A. hidr\u00e1ulica Victoria S.A.S.U-VIAL VICTORIA S.A.S.U. UT cotiz\u00f3 $2.874.337.116,11.<\/p>\n<p><strong>CONVENIO POR LA NI\u00d1EZ<\/strong><\/p>\n<p>Asimismo, en la jornada se realiz\u00f3 la firma de cinco convenios para la atenci\u00f3n de ni\u00f1as, ni\u00f1os y adolescentes en situaci\u00f3n de vulnerabilidad.<\/p>\n<p>Las localidades beneficiarias fueron: Vera $2.000.000; Calchaqu\u00ed $1.450.000; Fort\u00edn Olmos $250.000 y Garabato $200.000.<\/p>\n<p>En este sentido, Frana subray\u00f3 que \u201cla presencia del Estado es fundamental en la problem\u00e1tica de la ni\u00f1ez y adolescencia, entiendo las diversas situaciones complejas que atraviesan en especial los sectores m\u00e1s vulnerables, y sin gente comprometida como estos organismos ser\u00eda a\u00fan m\u00e1s dif\u00edcil. Por eso promovemos estas instancias y pol\u00edticas p\u00fablicas que garanticen los derechos de las infancias y adolescencias\u201d.<\/p>\n<p><strong>PRESENTES<\/strong><\/p>\n<p>Acompa\u00f1\u00f3 la jornada, el subsecretario de Planificaci\u00f3n Estrat\u00e9gica, David Priolo.<\/p>\n<\/div>\n<\/div>\n","protected":false},"excerpt":{"rendered":"<p>El acto de apertura de sobres licitatorios tuvo lugar en el Hotel Col\u00f3n de Calchaqu\u00ed. Fue presidido por la ministra de Infraestructura de la provincia Silvina Frana, junto al intendente Rub\u00e9n Cuello y al senador Osvaldo Sosa. Las ofertas para realizar la obra que tiene un presupuesto oficial de 1.894 millones de pesos estuvieron un [&hellip;]<\/p>\n","protected":false},"author":3,"featured_media":44261,"comment_status":"closed","ping_status":"closed","sticky":false,"template":"","format":"standard","meta":{"_joinchat":[],"footnotes":""},"categories":[52],"tags":[],"class_list":{"0":"post-44251","1":"post","2":"type-post","3":"status-publish","4":"format-standard","5":"has-post-thumbnail","7":"category-calchaqui"},"_links":{"self":[{"href":"https:\/\/infovera.com.ar\/web\/wp-json\/wp\/v2\/posts\/44251","targetHints":{"allow":["GET"]}}],"collection":[{"href":"https:\/\/infovera.com.ar\/web\/wp-json\/wp\/v2\/posts"}],"about":[{"href":"https:\/\/infovera.com.ar\/web\/wp-json\/wp\/v2\/types\/post"}],"author":[{"embeddable":true,"href":"https:\/\/infovera.com.ar\/web\/wp-json\/wp\/v2\/users\/3"}],"replies":[{"embeddable":true,"href":"https:\/\/infovera.com.ar\/web\/wp-json\/wp\/v2\/comments?post=44251"}],"version-history":[{"count":0,"href":"https:\/\/infovera.com.ar\/web\/wp-json\/wp\/v2\/posts\/44251\/revisions"}],"wp:featuredmedia":[{"embeddable":true,"href":"https:\/\/infovera.com.ar\/web\/wp-json\/wp\/v2\/media\/44261"}],"wp:attachment":[{"href":"https:\/\/infovera.com.ar\/web\/wp-json\/wp\/v2\/media?parent=44251"}],"wp:term":[{"taxonomy":"category","embeddable":true,"href":"https:\/\/infovera.com.ar\/web\/wp-json\/wp\/v2\/categories?post=44251"},{"taxonomy":"post_tag","embeddable":true,"href":"https:\/\/infovera.com.ar\/web\/wp-json\/wp\/v2\/tags?post=44251"}],"curies":[{"name":"wp","href":"https:\/\/api.w.org\/{rel}","templated":true}]}}