{"id":44236,"date":"2023-05-29T19:10:19","date_gmt":"2023-05-29T22:10:19","guid":{"rendered":"https:\/\/infovera.com.ar\/web\/?p=44236"},"modified":"2023-05-31T08:37:51","modified_gmt":"2023-05-31T11:37:51","slug":"buscan-a-un-motociclista-que-atropello-a-dos-adultos-y-se-fue-del-lugar","status":"publish","type":"post","link":"https:\/\/infovera.com.ar\/web\/2023\/05\/29\/buscan-a-un-motociclista-que-atropello-a-dos-adultos-y-se-fue-del-lugar\/","title":{"rendered":"Buscan a un motociclista que atropell\u00f3 a dos adultos y se fue del lugar"},"content":{"rendered":"<p><strong>El accidente tuvo lugar a las 13:15 en Vera.<\/strong><\/p>\n<p>Personal del Comando y de la Comisar\u00eda 1era. se constituy\u00f3 en intersecci\u00f3n de calles Lisandro de La Torre y Soldado G\u00f3mez donde una mujer de 66 a\u00f1os, Eulalia Gonz\u00e1lez, que se conduc\u00eda en su moto Guerrero Tripp 110 cc, fue colisionada por un sujeto a bordo de otra moto.<\/p>\n<p>Iba acompa\u00f1ada por un hombre de 71 a\u00f1os de apellido Robles. Ambos cayeron al piso y debieron sera trasladados al Hospital local para su atenci\u00f3n m\u00e9dica.<\/p>\n<p>Quien iba en la otra moto, de color negro, se fue del lugar. La polic\u00eda investiga el hecho a los fines de establecer la identidad del otro involucrado en el choque.<\/p>\n","protected":false},"excerpt":{"rendered":"<p>El accidente tuvo lugar a las 13:15 en Vera. Personal del Comando y de la Comisar\u00eda 1era. se constituy\u00f3 en intersecci\u00f3n de calles Lisandro de La Torre y Soldado G\u00f3mez donde una mujer de 66 a\u00f1os, Eulalia Gonz\u00e1lez, que se conduc\u00eda en su moto Guerrero Tripp 110 cc, fue colisionada por un sujeto a bordo [&hellip;]<\/p>\n","protected":false},"author":3,"featured_media":24435,"comment_status":"closed","ping_status":"closed","sticky":false,"template":"","format":"standard","meta":{"_joinchat":[],"footnotes":""},"categories":[30,53],"tags":[],"class_list":{"0":"post-44236","1":"post","2":"type-post","3":"status-publish","4":"format-standard","5":"has-post-thumbnail","7":"category-policiales","8":"category-vera"},"_links":{"self":[{"href":"https:\/\/infovera.com.ar\/web\/wp-json\/wp\/v2\/posts\/44236","targetHints":{"allow":["GET"]}}],"collection":[{"href":"https:\/\/infovera.com.ar\/web\/wp-json\/wp\/v2\/posts"}],"about":[{"href":"https:\/\/infovera.com.ar\/web\/wp-json\/wp\/v2\/types\/post"}],"author":[{"embeddable":true,"href":"https:\/\/infovera.com.ar\/web\/wp-json\/wp\/v2\/users\/3"}],"replies":[{"embeddable":true,"href":"https:\/\/infovera.com.ar\/web\/wp-json\/wp\/v2\/comments?post=44236"}],"version-history":[{"count":0,"href":"https:\/\/infovera.com.ar\/web\/wp-json\/wp\/v2\/posts\/44236\/revisions"}],"wp:featuredmedia":[{"embeddable":true,"href":"https:\/\/infovera.com.ar\/web\/wp-json\/wp\/v2\/media\/24435"}],"wp:attachment":[{"href":"https:\/\/infovera.com.ar\/web\/wp-json\/wp\/v2\/media?parent=44236"}],"wp:term":[{"taxonomy":"category","embeddable":true,"href":"https:\/\/infovera.com.ar\/web\/wp-json\/wp\/v2\/categories?post=44236"},{"taxonomy":"post_tag","embeddable":true,"href":"https:\/\/infovera.com.ar\/web\/wp-json\/wp\/v2\/tags?post=44236"}],"curies":[{"name":"wp","href":"https:\/\/api.w.org\/{rel}","templated":true}]}}