{"id":44205,"date":"2023-05-28T21:16:14","date_gmt":"2023-05-29T00:16:14","guid":{"rendered":"https:\/\/infovera.com.ar\/web\/?p=44205"},"modified":"2023-05-31T08:39:50","modified_gmt":"2023-05-31T11:39:50","slug":"pablo-farias-recorrio-el-norte-junto-a-la-precandidata-a-senadora-carolina-valdez","status":"publish","type":"post","link":"https:\/\/infovera.com.ar\/web\/2023\/05\/28\/pablo-farias-recorrio-el-norte-junto-a-la-precandidata-a-senadora-carolina-valdez\/","title":{"rendered":"Pablo Far\u00edas recorri\u00f3 el norte junto a la precandidata a senadora Carolina Ben\u00edtez"},"content":{"rendered":"<p><strong>El presidente de la C\u00e1mara de Diputados de la provincia y precandidato a mantener la banca, dentro de la lista que encabeza Clara Garc\u00eda, estuvo en 9 de Julio, General Obligado y Vera.\u00a0<\/strong><\/p>\n<p>En esta ciudad, tom\u00f3 contacto con la prensa luego de haber mantenido encuentros en Margarita, La Gallareta, Golondrina y Tartagal. Hizo referencia a los logros que el Plan del Norte, impulsado por la gesti\u00f3n de Miguel Lifschitz -de quien fue Ministro de Gobierno- concret\u00f3 para la regi\u00f3n, reivindic\u00f3 el know how del progresismo para gobernar la provincia y lament\u00f3 el tiempo perdido durante estos cuatro a\u00f1os de gesti\u00f3n justicialista.<\/p>\n<p>El legislador se mostr\u00f3 &#8220;muy contento de estar en Vera nuevamente, recorriendo el departamento; hoy en una tarea tambi\u00e9n tiene que ver con la precandidatura diputado, acompa\u00f1ando en la lista que tiene en cabeza Clara Garc\u00eda, y tambi\u00e9n preparando una futura venida de nuestra precandidata a gobernadora M\u00f3nica Fein&#8221;.<\/p>\n<p>Junto a la precandidata a senadora Carolina Ben\u00edtez, el diputado subray\u00f3 el hecho de &#8220;encontrarnos con mucha gente que nos recuerda cuando estuvimos en la gesti\u00f3n con Miguel Lifschitz haciendo cosas, cumpliendo promesas que en aquel momento se hab\u00edan hecho como la continuaci\u00f3n de la Ruta 3, o aparatolog\u00eda, por ejemplo, como en el Samco de Tartagal donde todos recuerdan cuando Miguel lo prometi\u00f3 y lo entreg\u00f3&#8221;.<\/p>\n<figure id=\"attachment_44207\" aria-describedby=\"caption-attachment-44207\" style=\"width: 1440px\" class=\"wp-caption aligncenter\"><a href=\"https:\/\/infovera.com.ar\/web\/wp-content\/uploads\/2023\/05\/vera.jpg\"><img loading=\"lazy\" decoding=\"async\" class=\"size-full wp-image-44207\" src=\"https:\/\/infovera.com.ar\/web\/wp-content\/uploads\/2023\/05\/vera.jpg\" alt=\"\" width=\"1440\" height=\"1080\" srcset=\"https:\/\/infovera.com.ar\/web\/wp-content\/uploads\/2023\/05\/vera.jpg 1440w, https:\/\/infovera.com.ar\/web\/wp-content\/uploads\/2023\/05\/vera-696x522.jpg 696w, https:\/\/infovera.com.ar\/web\/wp-content\/uploads\/2023\/05\/vera-1068x801.jpg 1068w, https:\/\/infovera.com.ar\/web\/wp-content\/uploads\/2023\/05\/vera-560x420.jpg 560w, https:\/\/infovera.com.ar\/web\/wp-content\/uploads\/2023\/05\/vera-80x60.jpg 80w, https:\/\/infovera.com.ar\/web\/wp-content\/uploads\/2023\/05\/vera-265x198.jpg 265w\" sizes=\"auto, (max-width: 1440px) 100vw, 1440px\" \/><\/a><figcaption id=\"caption-attachment-44207\" class=\"wp-caption-text\">En Vera, cCon la precandidata a senadora por el departamento Vera, Carolina Ben\u00edtez, y Roc\u00edo Contrera, precandidata a diputada, Pablo Far\u00edas se reuni\u00f3 con integrantes Le Troup\u00e9, que nos contaron las obras que realizar\u00e1n este a\u00f1o y el sacrificio que hacen para financiarlas.<\/figcaption><\/figure>\n<p>Son cosas que &#8220;nos llenan de orgullo de haber sido parte de esa gesti\u00f3n&#8221;, pero tambi\u00e9n el &#8220;compromiso que queremos renovar es porque cuando les decimos que queremos volver a gobernar la provincia es con ese modelo de gobierno que creo que est\u00e1 bien hecho, sobre todo para el norte, porque hubo un Plan del Norte, un plan espec\u00edfico para que haya proyectos y dignidad en todo el norte de la provincia&#8221;<\/p>\n<p>M\u00e1s adelante, expres\u00f3 su entusiasmo porque &#8220;va a haber un cambio de gobierno nuevamente y que nos va a tener como protagonistas a quienes estamos en esta lista&#8221;.<\/p>\n<p><strong>&#8211; <\/strong><strong>C\u00f3mo lo ve a casi cuatro a\u00f1os despu\u00e9s a nuestro norte en este recorrido, con estas rutas que todav\u00eda no est\u00e1n terminadas? <\/strong><\/p>\n<p>&#8211; Bueno, algunas de las promesas que Omar Perotti hizo no se han cumplido todav\u00eda, queda poco tiempo, es decir,\u00a1 que se puedan realizar. El Plan del Norte ten\u00eda no solo proyectos, sino un tiempo para realizarlo, es decir, ese tiempo no es caprichoso. En el norte hace falta ponerse a tirar de muchos tipos de retrasos de obras que no se hicieron y lo que no podemos seguir es perdiendo ese tiempo, un tiempo que se pudo haber aprovechado.<\/p>\n<p>Por ejemplo, durante la pandemia, una de las primeras actividades que se activaron y que se han decidido con la obra p\u00fablica, sin embargo, no se activ\u00f3 tan r\u00e1pidamente cuando retom\u00f3 los proyectos que nosotros hab\u00edamos dejado pendientes; obviamente que todos los proyectos que dejamos tampoco se hicieron al ritmo adecuado. Hoy tenemos nuevamente, hasta lo ha reconocido la ministra P\u00e1rana, nuevamente paralizaci\u00f3n de obras.<\/p>\n<figure id=\"attachment_44208\" aria-describedby=\"caption-attachment-44208\" style=\"width: 1280px\" class=\"wp-caption aligncenter\"><a href=\"https:\/\/infovera.com.ar\/web\/wp-content\/uploads\/2023\/05\/golodrina.jpg\"><img loading=\"lazy\" decoding=\"async\" class=\"size-full wp-image-44208\" src=\"https:\/\/infovera.com.ar\/web\/wp-content\/uploads\/2023\/05\/golodrina.jpg\" alt=\"\" width=\"1280\" height=\"960\" srcset=\"https:\/\/infovera.com.ar\/web\/wp-content\/uploads\/2023\/05\/golodrina.jpg 1280w, https:\/\/infovera.com.ar\/web\/wp-content\/uploads\/2023\/05\/golodrina-696x522.jpg 696w, https:\/\/infovera.com.ar\/web\/wp-content\/uploads\/2023\/05\/golodrina-1068x801.jpg 1068w, https:\/\/infovera.com.ar\/web\/wp-content\/uploads\/2023\/05\/golodrina-560x420.jpg 560w, https:\/\/infovera.com.ar\/web\/wp-content\/uploads\/2023\/05\/golodrina-80x60.jpg 80w, https:\/\/infovera.com.ar\/web\/wp-content\/uploads\/2023\/05\/golodrina-265x198.jpg 265w\" sizes=\"auto, (max-width: 1280px) 100vw, 1280px\" \/><\/a><figcaption id=\"caption-attachment-44208\" class=\"wp-caption-text\">En Golondrina, con precandidatas y precandidatos de diferentes localidades del norte del departamento Vera.<\/figcaption><\/figure>\n<p>Siempre hay un motivo, en alg\u00fan momento era por la pandemia, despu\u00e9s era, no s\u00e9, por la crisis internacional, hab\u00eda la guerra con Ucrania, siempre encontraron una excusa, ahora lo es la hiperinflaci\u00f3n, los problemas con los precios, pero la verdad es que se est\u00e1 yendo un gobierno que no logr\u00f3 sostener ese ritmo de obras y de otras concreciones de proyectos, y ese tiempo que se perdi\u00f3 es un tiempo que va a ser dif\u00edcil de recuperar. Pero bueno, es lo que queremos hacer r\u00e1pidamente a partir del 17 de noviembre.<\/p>\n<p><strong>&#8211; \u00bfC\u00f3mo se cautiva al electorado con esta situaci\u00f3n econ\u00f3mica que realmente nos desborda? <\/strong><\/p>\n<p>&#8211; Bueno, nosotros tenemos por suerte un prestigio, desde que cuando empe\u00f1amos la palabra y nos comprometemos y asumimos ese compromiso p\u00fablicamente, cumplimos. Es lo que hemos hecho, eso es una ventaja frente a otros que generan expectativas o generan dudas sobre qu\u00e9 nos va a pasar, porque no sabemos si van a estar a la altura de las circunstancias. Y sobre todo en momentos dif\u00edciles. Nosotros hemos sabido gobernar en momentos muy complicados.<\/p>\n<p>Por ejemplo, a m\u00ed me toc\u00f3 la suerte de poder acompa\u00f1ar a los grandes gobernadores\u00a0 en la funci\u00f3n. en Desarrollo Social a Binner, y fui Ministro de Gobierno de Miguel los cuatro a\u00f1os.<\/p>\n<p>En esos dos a\u00f1os pas\u00f3 de todo. Hubo, \u00bfrecuerdan? en el 2008-2009 la crisis del campo, despu\u00e9s de esa famosa resoluci\u00f3n 125, hubo una crisis en la que hab\u00eda cortes de rutas por todos lados, hubo crisis h\u00eddrica, hubo problemas de seguridad, hubo problemas econ\u00f3micos internacionales. Pudimos seguir gestionando y seguir cumpliendo con nuestras obligaciones a pesar de todos estos problemas. Los que tenemos experiencia de gesti\u00f3n, los que adem\u00e1s seguimos viviendo de la misma manera con la que llegamos a la cuesti\u00f3n, nos conocen y podemos caminar en la calle.<\/p>\n<figure id=\"attachment_44209\" aria-describedby=\"caption-attachment-44209\" style=\"width: 1440px\" class=\"wp-caption aligncenter\"><a href=\"https:\/\/infovera.com.ar\/web\/wp-content\/uploads\/2023\/05\/tartagal.jpg\"><img loading=\"lazy\" decoding=\"async\" class=\"size-full wp-image-44209\" src=\"https:\/\/infovera.com.ar\/web\/wp-content\/uploads\/2023\/05\/tartagal.jpg\" alt=\"\" width=\"1440\" height=\"1080\" srcset=\"https:\/\/infovera.com.ar\/web\/wp-content\/uploads\/2023\/05\/tartagal.jpg 1440w, https:\/\/infovera.com.ar\/web\/wp-content\/uploads\/2023\/05\/tartagal-696x522.jpg 696w, https:\/\/infovera.com.ar\/web\/wp-content\/uploads\/2023\/05\/tartagal-1068x801.jpg 1068w, https:\/\/infovera.com.ar\/web\/wp-content\/uploads\/2023\/05\/tartagal-560x420.jpg 560w, https:\/\/infovera.com.ar\/web\/wp-content\/uploads\/2023\/05\/tartagal-80x60.jpg 80w, https:\/\/infovera.com.ar\/web\/wp-content\/uploads\/2023\/05\/tartagal-265x198.jpg 265w\" sizes=\"auto, (max-width: 1440px) 100vw, 1440px\" \/><\/a><figcaption id=\"caption-attachment-44209\" class=\"wp-caption-text\">En Tartagal, con Juan Gustavo Grossembacher , precandidato a presidente comunal, Far\u00edas y Ben\u00edtez visitaron el Hospital y el hogar de personas adultas mayores. El Hospital de la localidad es el m\u00e1s relevante de la zona.<br \/>Durante la gesti\u00f3n de Miguel Lifschitz recibi\u00f3 equipamiento importante y mejoras.<\/figcaption><\/figure>\n<p><strong>&#8211; Gobernar nunca ha sido f\u00e1cil, pero en la actual conyuntura parecer\u00eda ser cuesta arriba \u00bfC\u00f3mo se preparan para el caso de volver a ser gobierno en la provincia?<\/strong><\/p>\n<p>&#8211; Con la fe bien en alto, bueno, creo que somos personas para estos momentos, es importante para la gente que sepa que podemos hacernos cargo del gobierno en las peores circunstancias, con crisis, con dificultades, porque estamos preparados, porque conocemos. En eso ganamos tiempo que ante otros que tienen que conocer la provincia, que ponerse al tanto de los problemas. Tenemos visi\u00f3n integral, adem\u00e1s, no solo de alg\u00fan aspecto de la gesti\u00f3n, sino de todos. Cuando hablamos de M\u00f3nica Fein, que estuvo ocho a\u00f1os de intendente de Rosario, que adem\u00e1s form\u00f3 parte durante mucho tiempo de los equipos tambi\u00e9n de Miguel Lifstchiz.<\/p>\n<p>Bueno, son personas preparadas, como Clara Garc\u00eda tambi\u00e9n, para afrontar una realidad dif\u00edcil y diversa porque estamos dispuestos a poner todo nuestro conocimiento y nuestra capacidad para resolver estos problemas en una unidad un poco m\u00e1s amplia que el Frente en su momento. Muy diversa, con nuevos partidos que han llegado y, bueno, esta propuesta de poder recuperar la provincia. S\u00ed, en el Frente Unidos para Cambiar Santa Fe hay m\u00e1s fuerzas que hab\u00eda en el Frente Progresista. Hemos sabido ponernos de acuerdo privilegiando lo que creemos que en este momento es m\u00e1s importante que recuperar el gobierno en la provincia, recuperar un ritmo de gesti\u00f3n, de resoluci\u00f3n de los problemas de inseguridad que est\u00e1n surgiendo en las provincias, que nos reclaman en todos lados y sobre todo en las ciudades grandes, pero en toda la provincia.<\/p>\n<p><strong>&#8211; \u00bfQu\u00e9 mensaje final le dar\u00eda a la comunidad de Vera y al departamento en general? <\/strong><\/p>\n<p>&#8211; Bueno, nosotros les decimos que conf\u00eden en nosotros, que podemos hacernos cargo de esta situaci\u00f3n, que el nuestro es un equipo que tiene experiencia, capacidad, que est\u00e1 dispuesto no solo por una gran voluntad y una gran vocaci\u00f3n pol\u00edtica, sino porque entendemos cu\u00e1l es el momento en el que se est\u00e1 viviendo la provincia, cu\u00e1l es el rol que la provincia tiene que cumplir en este pa\u00eds que est\u00e1 con una crisis tan grande, nosotros entendemos c\u00f3mo hay que gestionar y tambi\u00e9n c\u00f3mo hay que plantarse frente al gobierno nacional para exigir que la provincia de Santa Fe reciba en proporci\u00f3n m\u00e1s de lo que recibe a cambio de todos los recursos que se van de esta provincia productiva, de las m\u00e1s productivas del pa\u00eds.<\/p>\n<p>Y eso tambi\u00e9n forma parte de lo que necesitamos que haga un gobierno. Bueno, por esas cosas, por lo que venimos hablando, por los candidatos que tenemos en cada una de nuestras localidades y la fuerza que representamos creemos que estamos en condiciones de ofrecerle a la gente lo que hoy en d\u00eda se merece y se necesita.<\/p>\n<figure id=\"attachment_44210\" aria-describedby=\"caption-attachment-44210\" style=\"width: 1440px\" class=\"wp-caption aligncenter\"><a href=\"https:\/\/infovera.com.ar\/web\/wp-content\/uploads\/2023\/05\/marga.jpg\"><img loading=\"lazy\" decoding=\"async\" class=\"size-full wp-image-44210\" src=\"https:\/\/infovera.com.ar\/web\/wp-content\/uploads\/2023\/05\/marga.jpg\" alt=\"\" width=\"1440\" height=\"1090\" srcset=\"https:\/\/infovera.com.ar\/web\/wp-content\/uploads\/2023\/05\/marga.jpg 1440w, https:\/\/infovera.com.ar\/web\/wp-content\/uploads\/2023\/05\/marga-696x527.jpg 696w, https:\/\/infovera.com.ar\/web\/wp-content\/uploads\/2023\/05\/marga-1068x808.jpg 1068w, https:\/\/infovera.com.ar\/web\/wp-content\/uploads\/2023\/05\/marga-555x420.jpg 555w, https:\/\/infovera.com.ar\/web\/wp-content\/uploads\/2023\/05\/marga-80x60.jpg 80w\" sizes=\"auto, (max-width: 1440px) 100vw, 1440px\" \/><\/a><figcaption id=\"caption-attachment-44210\" class=\"wp-caption-text\">En Margarita, con Fabio Fabre , precandidato a presidente comunal, Pablo Far\u00edas y Carolina Ben\u00edtez mantuvieron un encuentro con con integrantes de la Comisi\u00f3n Directiva del club Sarmiento.<\/figcaption><\/figure>\n","protected":false},"excerpt":{"rendered":"<p>El presidente de la C\u00e1mara de Diputados de la provincia y precandidato a mantener la banca, dentro de la lista que encabeza Clara Garc\u00eda, estuvo en 9 de Julio, General Obligado y Vera.\u00a0 En esta ciudad, tom\u00f3 contacto con la prensa luego de haber mantenido encuentros en Margarita, La Gallareta, Golondrina y Tartagal. Hizo referencia [&hellip;]<\/p>\n","protected":false},"author":3,"featured_media":44210,"comment_status":"closed","ping_status":"closed","sticky":false,"template":"","format":"standard","meta":{"_joinchat":[],"footnotes":""},"categories":[53],"tags":[],"class_list":{"0":"post-44205","1":"post","2":"type-post","3":"status-publish","4":"format-standard","5":"has-post-thumbnail","7":"category-vera"},"_links":{"self":[{"href":"https:\/\/infovera.com.ar\/web\/wp-json\/wp\/v2\/posts\/44205","targetHints":{"allow":["GET"]}}],"collection":[{"href":"https:\/\/infovera.com.ar\/web\/wp-json\/wp\/v2\/posts"}],"about":[{"href":"https:\/\/infovera.com.ar\/web\/wp-json\/wp\/v2\/types\/post"}],"author":[{"embeddable":true,"href":"https:\/\/infovera.com.ar\/web\/wp-json\/wp\/v2\/users\/3"}],"replies":[{"embeddable":true,"href":"https:\/\/infovera.com.ar\/web\/wp-json\/wp\/v2\/comments?post=44205"}],"version-history":[{"count":0,"href":"https:\/\/infovera.com.ar\/web\/wp-json\/wp\/v2\/posts\/44205\/revisions"}],"wp:featuredmedia":[{"embeddable":true,"href":"https:\/\/infovera.com.ar\/web\/wp-json\/wp\/v2\/media\/44210"}],"wp:attachment":[{"href":"https:\/\/infovera.com.ar\/web\/wp-json\/wp\/v2\/media?parent=44205"}],"wp:term":[{"taxonomy":"category","embeddable":true,"href":"https:\/\/infovera.com.ar\/web\/wp-json\/wp\/v2\/categories?post=44205"},{"taxonomy":"post_tag","embeddable":true,"href":"https:\/\/infovera.com.ar\/web\/wp-json\/wp\/v2\/tags?post=44205"}],"curies":[{"name":"wp","href":"https:\/\/api.w.org\/{rel}","templated":true}]}}