{"id":44202,"date":"2023-05-28T15:31:51","date_gmt":"2023-05-28T18:31:51","guid":{"rendered":"https:\/\/infovera.com.ar\/web\/?p=44202"},"modified":"2023-05-28T21:36:58","modified_gmt":"2023-05-29T00:36:58","slug":"quedaron-en-libertad-los-dos-jovenes-que-robaron-en-cfc","status":"publish","type":"post","link":"https:\/\/infovera.com.ar\/web\/2023\/05\/28\/quedaron-en-libertad-los-dos-jovenes-que-robaron-en-cfc\/","title":{"rendered":"Quedaron en libertad los dos j\u00f3venes que robaron en CFC"},"content":{"rendered":"<p><strong>Uno es menor de edad.<\/strong><\/p>\n<p>Numerarios de la Comisar\u00eda 2da. tomaron conocimiento sobre hecho il\u00edcito en Calchaqu\u00ed Football Club el viernes en el que, previo ocasionar da\u00f1os en una abertura del lugar, ingresaron y se apoderaron de una lanza de sembradora, un bolso de lona con 20 pelotas, 60 conos, un tr\u00edpode de filmaci\u00f3n para celular, un od\u00f3metro de compresi\u00f3n, un bolso portatraje de arquero de h\u00f3ckey, un botiqu\u00edn de primeros auxilios, una soga y flejes de marcaci\u00f3n amarillos.<\/p>\n<p>Dediligencias investigativas efectuadas, funcionarios policiales establecieron que no<br \/>\nser\u00edan ajenos al hecho un menor de 17 a\u00f1os y un mayor de 19 a\u00f1os, ambos domiciliados en la ciudad.<\/p>\n<p>De requisa domiciliaria en la vivienda de los dos (previa autorizaci\u00f3n de sus moradores) se\u00a0 secuestr\u00f3 los objetos denunciados. Fueron trasladados a sede policial.<\/p>\n<p>El fiscal de turno orden\u00f3, finalizadas las actuaciones, que al mayor se le otorgue la libertad y que el menor sea entregado bajo guarda y responsabilidad de su progenitor con<br \/>\nconocimiento e intervenci\u00f3n del Juzgado de Menores de Reconquista.<\/p>\n","protected":false},"excerpt":{"rendered":"<p>Uno es menor de edad. Numerarios de la Comisar\u00eda 2da. tomaron conocimiento sobre hecho il\u00edcito en Calchaqu\u00ed Football Club el viernes en el que, previo ocasionar da\u00f1os en una abertura del lugar, ingresaron y se apoderaron de una lanza de sembradora, un bolso de lona con 20 pelotas, 60 conos, un tr\u00edpode de filmaci\u00f3n para [&hellip;]<\/p>\n","protected":false},"author":3,"featured_media":44203,"comment_status":"closed","ping_status":"closed","sticky":false,"template":"","format":"standard","meta":{"_joinchat":[],"footnotes":""},"categories":[52,30],"tags":[],"class_list":{"0":"post-44202","1":"post","2":"type-post","3":"status-publish","4":"format-standard","5":"has-post-thumbnail","7":"category-calchaqui","8":"category-policiales"},"_links":{"self":[{"href":"https:\/\/infovera.com.ar\/web\/wp-json\/wp\/v2\/posts\/44202","targetHints":{"allow":["GET"]}}],"collection":[{"href":"https:\/\/infovera.com.ar\/web\/wp-json\/wp\/v2\/posts"}],"about":[{"href":"https:\/\/infovera.com.ar\/web\/wp-json\/wp\/v2\/types\/post"}],"author":[{"embeddable":true,"href":"https:\/\/infovera.com.ar\/web\/wp-json\/wp\/v2\/users\/3"}],"replies":[{"embeddable":true,"href":"https:\/\/infovera.com.ar\/web\/wp-json\/wp\/v2\/comments?post=44202"}],"version-history":[{"count":0,"href":"https:\/\/infovera.com.ar\/web\/wp-json\/wp\/v2\/posts\/44202\/revisions"}],"wp:featuredmedia":[{"embeddable":true,"href":"https:\/\/infovera.com.ar\/web\/wp-json\/wp\/v2\/media\/44203"}],"wp:attachment":[{"href":"https:\/\/infovera.com.ar\/web\/wp-json\/wp\/v2\/media?parent=44202"}],"wp:term":[{"taxonomy":"category","embeddable":true,"href":"https:\/\/infovera.com.ar\/web\/wp-json\/wp\/v2\/categories?post=44202"},{"taxonomy":"post_tag","embeddable":true,"href":"https:\/\/infovera.com.ar\/web\/wp-json\/wp\/v2\/tags?post=44202"}],"curies":[{"name":"wp","href":"https:\/\/api.w.org\/{rel}","templated":true}]}}