{"id":44186,"date":"2023-05-26T15:17:15","date_gmt":"2023-05-26T18:17:15","guid":{"rendered":"https:\/\/infovera.com.ar\/web\/?p=44186"},"modified":"2023-05-26T15:17:33","modified_gmt":"2023-05-26T18:17:33","slug":"precipitaciones-acumuladas-desde-el-miercoles-en-la-provincia","status":"publish","type":"post","link":"https:\/\/infovera.com.ar\/web\/2023\/05\/26\/precipitaciones-acumuladas-desde-el-miercoles-en-la-provincia\/","title":{"rendered":"Precipitaciones acumuladas desde el mi\u00e9rcoles en la provincia"},"content":{"rendered":"<p><strong> Datos propios del Centro de Monitoreo Meteorol\u00f3gico y Clim\u00e1tico SAT Santa Fe. Cifras en mm.<\/strong><\/p>\n<p>\ud83c\udf27\ufe0f Santa Fe (Sgto Cabral): 101,1<br \/>\n\ud83c\udf27\ufe0f Santa Fe (Candioti Norte): 102,2<br \/>\n\ud83c\udf27\ufe0f Santa Fe (FIQ): 122,4<br \/>\n\ud83c\udf27\ufe0f Santa Fe (EIS): 136,6<br \/>\n\ud83c\udf27\ufe0f Santa Fe (Colastin\u00e9 Norte): 95,6<br \/>\n\ud83c\udf27\ufe0f Arroyo Leyes: 67,8<br \/>\n\ud83c\udf27\ufe0f Santo Tom\u00e9: S\/D<br \/>\n\ud83c\udf27\ufe0f San Justo: 7,8<br \/>\n\ud83c\udf27\ufe0f San Carlos Centro: 97,0<br \/>\n\ud83c\udf27\ufe0f Franck: 105,5<br \/>\n\ud83c\udf27\ufe0f Esperanza 45,8<br \/>\n\ud83c\udf27\ufe0f San Agust\u00edn: 100,8<br \/>\n\ud83c\udf27\ufe0f Angel Gallardo: 79,0<br \/>\n\ud83c\udf27\ufe0f Arrufo 7,2<br \/>\n\ud83c\udf27\ufe0f San Cristobal 3,3<br \/>\n\ud83c\udf27\ufe0f Tostado: 0,0<br \/>\n\ud83c\udf27\ufe0f Granadero Baigorria: 207,3<br \/>\n\ud83c\udf27\ufe0f Rosario Noroeste: 168,7<br \/>\n\ud83c\udf27\ufe0f Funes: 112,0<br \/>\n\ud83c\udf27\ufe0f Arteaga: 35,4<br \/>\n\ud83c\udf27\ufe0f San Jos\u00e9 de la Esquina: 37,4<br \/>\n\ud83c\udf27\ufe0f General Lagos: 105,3<br \/>\n\ud83c\udf27\ufe0f San Lorenzo: 198,6<br \/>\n\ud83c\udf27\ufe0f San Genaro: 109,4<\/p>\n","protected":false},"excerpt":{"rendered":"<p>Datos propios del Centro de Monitoreo Meteorol\u00f3gico y Clim\u00e1tico SAT Santa Fe. Cifras en mm. \ud83c\udf27\ufe0f Santa Fe (Sgto Cabral): 101,1 \ud83c\udf27\ufe0f Santa Fe (Candioti Norte): 102,2 \ud83c\udf27\ufe0f Santa Fe (FIQ): 122,4 \ud83c\udf27\ufe0f Santa Fe (EIS): 136,6 \ud83c\udf27\ufe0f Santa Fe (Colastin\u00e9 Norte): 95,6 \ud83c\udf27\ufe0f Arroyo Leyes: 67,8 \ud83c\udf27\ufe0f Santo Tom\u00e9: S\/D \ud83c\udf27\ufe0f San Justo: 7,8 [&hellip;]<\/p>\n","protected":false},"author":3,"featured_media":44187,"comment_status":"closed","ping_status":"closed","sticky":false,"template":"","format":"standard","meta":{"_joinchat":[],"footnotes":""},"categories":[60],"tags":[],"class_list":{"0":"post-44186","1":"post","2":"type-post","3":"status-publish","4":"format-standard","5":"has-post-thumbnail","7":"category-provinciales"},"_links":{"self":[{"href":"https:\/\/infovera.com.ar\/web\/wp-json\/wp\/v2\/posts\/44186","targetHints":{"allow":["GET"]}}],"collection":[{"href":"https:\/\/infovera.com.ar\/web\/wp-json\/wp\/v2\/posts"}],"about":[{"href":"https:\/\/infovera.com.ar\/web\/wp-json\/wp\/v2\/types\/post"}],"author":[{"embeddable":true,"href":"https:\/\/infovera.com.ar\/web\/wp-json\/wp\/v2\/users\/3"}],"replies":[{"embeddable":true,"href":"https:\/\/infovera.com.ar\/web\/wp-json\/wp\/v2\/comments?post=44186"}],"version-history":[{"count":0,"href":"https:\/\/infovera.com.ar\/web\/wp-json\/wp\/v2\/posts\/44186\/revisions"}],"wp:featuredmedia":[{"embeddable":true,"href":"https:\/\/infovera.com.ar\/web\/wp-json\/wp\/v2\/media\/44187"}],"wp:attachment":[{"href":"https:\/\/infovera.com.ar\/web\/wp-json\/wp\/v2\/media?parent=44186"}],"wp:term":[{"taxonomy":"category","embeddable":true,"href":"https:\/\/infovera.com.ar\/web\/wp-json\/wp\/v2\/categories?post=44186"},{"taxonomy":"post_tag","embeddable":true,"href":"https:\/\/infovera.com.ar\/web\/wp-json\/wp\/v2\/tags?post=44186"}],"curies":[{"name":"wp","href":"https:\/\/api.w.org\/{rel}","templated":true}]}}