{"id":44101,"date":"2023-05-22T11:07:41","date_gmt":"2023-05-22T14:07:41","guid":{"rendered":"https:\/\/infovera.com.ar\/web\/?p=44101"},"modified":"2023-05-24T13:04:52","modified_gmt":"2023-05-24T16:04:52","slug":"sixto-gonzalez-recordo-a-hugo-pucheta-a-7-anos-de-su-fallecimiento","status":"publish","type":"post","link":"https:\/\/infovera.com.ar\/web\/2023\/05\/22\/sixto-gonzalez-recordo-a-hugo-pucheta-a-7-anos-de-su-fallecimiento\/","title":{"rendered":"Sixto Gonz\u00e1lez record\u00f3 a Hugo Pucheta a 7 a\u00f1os de su fallecimiento"},"content":{"rendered":"<p>El dirigente verense record\u00f3 al fallecido Senador Hugo Pucheta al cumplirse 7 a\u00f1os de su desaparici\u00f3n f\u00edsica.<\/p>\n<p>\u201cEn la vida se dejan las huellas necesarias para trascender, m\u00e1s all\u00e1 del dolor de tu Partida y de la sensaci\u00f3n amarga de no tenerte como en cada gesta pol\u00edtica o en esos caf\u00e9s silenciosos, donde con una mirada nos dec\u00edamos tantas cosas.<\/p>\n<p>Querido Maestro, a siete a\u00f1os de tu partida, este a quien consideraste tu mejor soldado, te rinde orgulloso los honores que se le deben a un guerrero.<\/p>\n<p>Alg\u00fan d\u00eda, que se llegar\u00e1, voy a desplegar las alas para volar, como ense\u00f1aste, por sobre todo un Departamento. Buscando la felicidad de los Verenses, El Progreso que les merece y continuar as\u00ed, el grandioso derrotero de tu leyenda.<\/p>\n<p>Te extra\u00f1o mucho, gloria a tu nombre\u201d.<\/p>\n","protected":false},"excerpt":{"rendered":"<p>El dirigente verense record\u00f3 al fallecido Senador Hugo Pucheta al cumplirse 7 a\u00f1os de su desaparici\u00f3n f\u00edsica. \u201cEn la vida se dejan las huellas necesarias para trascender, m\u00e1s all\u00e1 del dolor de tu Partida y de la sensaci\u00f3n amarga de no tenerte como en cada gesta pol\u00edtica o en esos caf\u00e9s silenciosos, donde con una [&hellip;]<\/p>\n","protected":false},"author":3,"featured_media":44102,"comment_status":"closed","ping_status":"closed","sticky":false,"template":"","format":"standard","meta":{"_joinchat":[],"footnotes":""},"categories":[53],"tags":[],"class_list":{"0":"post-44101","1":"post","2":"type-post","3":"status-publish","4":"format-standard","5":"has-post-thumbnail","7":"category-vera"},"_links":{"self":[{"href":"https:\/\/infovera.com.ar\/web\/wp-json\/wp\/v2\/posts\/44101","targetHints":{"allow":["GET"]}}],"collection":[{"href":"https:\/\/infovera.com.ar\/web\/wp-json\/wp\/v2\/posts"}],"about":[{"href":"https:\/\/infovera.com.ar\/web\/wp-json\/wp\/v2\/types\/post"}],"author":[{"embeddable":true,"href":"https:\/\/infovera.com.ar\/web\/wp-json\/wp\/v2\/users\/3"}],"replies":[{"embeddable":true,"href":"https:\/\/infovera.com.ar\/web\/wp-json\/wp\/v2\/comments?post=44101"}],"version-history":[{"count":0,"href":"https:\/\/infovera.com.ar\/web\/wp-json\/wp\/v2\/posts\/44101\/revisions"}],"wp:featuredmedia":[{"embeddable":true,"href":"https:\/\/infovera.com.ar\/web\/wp-json\/wp\/v2\/media\/44102"}],"wp:attachment":[{"href":"https:\/\/infovera.com.ar\/web\/wp-json\/wp\/v2\/media?parent=44101"}],"wp:term":[{"taxonomy":"category","embeddable":true,"href":"https:\/\/infovera.com.ar\/web\/wp-json\/wp\/v2\/categories?post=44101"},{"taxonomy":"post_tag","embeddable":true,"href":"https:\/\/infovera.com.ar\/web\/wp-json\/wp\/v2\/tags?post=44101"}],"curies":[{"name":"wp","href":"https:\/\/api.w.org\/{rel}","templated":true}]}}