{"id":44091,"date":"2023-05-22T08:31:28","date_gmt":"2023-05-22T11:31:28","guid":{"rendered":"https:\/\/infovera.com.ar\/web\/?p=44091"},"modified":"2023-05-22T08:31:28","modified_gmt":"2023-05-22T11:31:28","slug":"recuperan-elementos-robados-a-un-comercio-de-fortin-olmos","status":"publish","type":"post","link":"https:\/\/infovera.com.ar\/web\/2023\/05\/22\/recuperan-elementos-robados-a-un-comercio-de-fortin-olmos\/","title":{"rendered":"Recuperan elementos robados a un comercio de Fort\u00edn Olmos"},"content":{"rendered":"<p>En fecha 21\/05\/2023 Personal policial de la Comisar\u00eda 3era de Fort\u00edn Olmos toma conocimiento mediante la denuncia radicada por una mujer, mayor de edad, quien diera cuenta que auto\/res ignorados, ingresaron a su local comercial y sustrajeron mercader\u00edas varias, de diligencias investigativas y patrullajes efectuados personal de esa Unidad de Orden P\u00fablico, hallaron los elementos (mercader\u00edas varias ) en una casa deshabitada, procedieron al secuestro preventivo de los mismos continuando con las diligencias a los fines de dar con el o los autor\/es del hecho. Interviene UFIN\u00ba4- Vera.-<\/p>\n<p>&nbsp;<\/p>\n","protected":false},"excerpt":{"rendered":"<p>En fecha 21\/05\/2023 Personal policial de la Comisar\u00eda 3era de Fort\u00edn Olmos toma conocimiento mediante la denuncia radicada por una mujer, mayor de edad, quien diera cuenta que auto\/res ignorados, ingresaron a su local comercial y sustrajeron mercader\u00edas varias, de diligencias investigativas y patrullajes efectuados personal de esa Unidad de Orden P\u00fablico, hallaron los elementos [&hellip;]<\/p>\n","protected":false},"author":3,"featured_media":44092,"comment_status":"closed","ping_status":"closed","sticky":false,"template":"","format":"standard","meta":{"_joinchat":[],"footnotes":""},"categories":[51,30],"tags":[],"class_list":{"0":"post-44091","1":"post","2":"type-post","3":"status-publish","4":"format-standard","5":"has-post-thumbnail","7":"category-locales","8":"category-policiales"},"_links":{"self":[{"href":"https:\/\/infovera.com.ar\/web\/wp-json\/wp\/v2\/posts\/44091","targetHints":{"allow":["GET"]}}],"collection":[{"href":"https:\/\/infovera.com.ar\/web\/wp-json\/wp\/v2\/posts"}],"about":[{"href":"https:\/\/infovera.com.ar\/web\/wp-json\/wp\/v2\/types\/post"}],"author":[{"embeddable":true,"href":"https:\/\/infovera.com.ar\/web\/wp-json\/wp\/v2\/users\/3"}],"replies":[{"embeddable":true,"href":"https:\/\/infovera.com.ar\/web\/wp-json\/wp\/v2\/comments?post=44091"}],"version-history":[{"count":0,"href":"https:\/\/infovera.com.ar\/web\/wp-json\/wp\/v2\/posts\/44091\/revisions"}],"wp:featuredmedia":[{"embeddable":true,"href":"https:\/\/infovera.com.ar\/web\/wp-json\/wp\/v2\/media\/44092"}],"wp:attachment":[{"href":"https:\/\/infovera.com.ar\/web\/wp-json\/wp\/v2\/media?parent=44091"}],"wp:term":[{"taxonomy":"category","embeddable":true,"href":"https:\/\/infovera.com.ar\/web\/wp-json\/wp\/v2\/categories?post=44091"},{"taxonomy":"post_tag","embeddable":true,"href":"https:\/\/infovera.com.ar\/web\/wp-json\/wp\/v2\/tags?post=44091"}],"curies":[{"name":"wp","href":"https:\/\/api.w.org\/{rel}","templated":true}]}}