{"id":44070,"date":"2023-05-19T18:06:52","date_gmt":"2023-05-19T21:06:52","guid":{"rendered":"https:\/\/infovera.com.ar\/web\/?p=44070"},"modified":"2023-05-19T18:06:52","modified_gmt":"2023-05-19T21:06:52","slug":"nueva-base-operativa-de-la-agencia-de-seguridad-vial-en-reconquista","status":"publish","type":"post","link":"https:\/\/infovera.com.ar\/web\/2023\/05\/19\/nueva-base-operativa-de-la-agencia-de-seguridad-vial-en-reconquista\/","title":{"rendered":"Nueva base operativa de la Agencia de Seguridad Vial en Reconquista"},"content":{"rendered":"<p>Reconquista contar\u00e1 con una base operativa permanente de la Agencia Nacional de Seguridad Vial, que funcionar\u00e1 en el Centro C\u00edvico (ex Hospital), con actividad peri\u00f3dica en materia de operativos territoriales de prevenci\u00f3n y controles de alcoholemia en Ruta Nacional N\u00b0 11, Ruta A009 y corredores estrat\u00e9gicos de la jurisdicci\u00f3n.<\/p>\n<p>&nbsp;<\/p>\n<p>En Casa Municipal, este viernes 19 de mayo el anuncio fue realizado en conferencia de prensa, con la presencia del Intendente Dr. Amadeo Enrique Vallejos; del Director Ejecutivo de la Agencia Nacional de Seguridad Vial, Pablo Mart\u00ednez Carignano; el Secretario de Control P\u00fablico, Lic. Nicol\u00e1s Sandrigo; y la Lic. Sonia Czachurski, responsable del Observatorio Vial del municipio.<\/p>\n<p>&nbsp;<\/p>\n<p>El Intendente Dr. Amadeo Enrique Vallejos agradeci\u00f3 la visita del funcionario nacional y destac\u00f3 la importancia del acuerdo para avanzar en la reducci\u00f3n de los \u00edndices de siniestralidad vial, \u201ctrabajando principalmente en medidas de prevenci\u00f3n, es all\u00ed donde tenemos focalizados todos los esfuerzos con estas herramientas\u201d.<\/p>\n<p>&nbsp;<\/p>\n<p>En ese sentido, resalt\u00f3 la dedicaci\u00f3n de todos los actores involucrados \u201cpara contar en Reconquista con una base de la Agencia Nacional de Seguridad Vial\u201d, mencionando especialmente la tarea del Ministro de Transporte Diego Giuliano y de Francisco Sellar\u00e9s, \u201cque nos acompa\u00f1\u00f3 en todo este proceso, para que hoy sea una realidad\u201d.<\/p>\n<p>&nbsp;<\/p>\n<p>\u201cMuchas gracias Reconquista e Intendente Vallejos por su compromiso con la seguridad vial\u201d, expres\u00f3 por su parte el Director Ejecutivo de la ANSV Pablo Mart\u00ednez Carignano, \u201cen poco tiempo inauguraremos la base operativa en esta ciudad, que ser\u00e1 la tercera en la provincia\u201d, adem\u00e1s de las ubicadas en Rosario y San Vicente, con el prop\u00f3sito de \u201ccontribuir a aumentar la presencia en rutas, colaborar con las autoridades locales y las fuerzas provinciales\u201d, mediante \u201cagentes especializados, controles de alcoholemia constantes, m\u00f3viles y radares para, a\u00f1o a a\u00f1o, lamentar cada vez menos muertos y heridos por cuestiones evitables\u201d.<\/p>\n<p>&nbsp;<\/p>\n<p>El Secretario de Control P\u00fablico de la Municipalidad de Reconquista, Lic. Nicol\u00e1s Sandrigo, a su turno manifest\u00f3 que \u201ces una satisfacci\u00f3n enorme contar con la presencia de un funcionario tan comprometido como Pablo, que hace poco logr\u00f3 algo trascendental para el pa\u00eds como la alcoholemia cero\u201d, lo que en nuestra ciudad hace varios a\u00f1os permiti\u00f3 revertir una tendencia \u201cde 30% de positivos los fines de semana, a casi el 2%\u201d.<\/p>\n<p>&nbsp;<\/p>\n<p>En esa l\u00ednea, Sandrigo detall\u00f3 que \u201cpasamos de entre 1.500 y 2.500 controles de alcoholemia anuales a 14.000 el a\u00f1o pasado, en 2023 pretendemos llegar a los 20.000, algo que nos pide el Intendente y el objetivo que nos planteamos\u201d, para lo que \u201crecibimos un nuevo al\u00f3metro que nos ayuda en los operativos, para poder alcanzar ese n\u00famero\u201d.<\/p>\n","protected":false},"excerpt":{"rendered":"<p>Reconquista contar\u00e1 con una base operativa permanente de la Agencia Nacional de Seguridad Vial, que funcionar\u00e1 en el Centro C\u00edvico (ex Hospital), con actividad peri\u00f3dica en materia de operativos territoriales de prevenci\u00f3n y controles de alcoholemia en Ruta Nacional N\u00b0 11, Ruta A009 y corredores estrat\u00e9gicos de la jurisdicci\u00f3n. &nbsp; En Casa Municipal, este viernes [&hellip;]<\/p>\n","protected":false},"author":3,"featured_media":44071,"comment_status":"closed","ping_status":"closed","sticky":false,"template":"","format":"standard","meta":{"_joinchat":[],"footnotes":""},"categories":[55],"tags":[],"class_list":{"0":"post-44070","1":"post","2":"type-post","3":"status-publish","4":"format-standard","5":"has-post-thumbnail","7":"category-reconquista"},"_links":{"self":[{"href":"https:\/\/infovera.com.ar\/web\/wp-json\/wp\/v2\/posts\/44070","targetHints":{"allow":["GET"]}}],"collection":[{"href":"https:\/\/infovera.com.ar\/web\/wp-json\/wp\/v2\/posts"}],"about":[{"href":"https:\/\/infovera.com.ar\/web\/wp-json\/wp\/v2\/types\/post"}],"author":[{"embeddable":true,"href":"https:\/\/infovera.com.ar\/web\/wp-json\/wp\/v2\/users\/3"}],"replies":[{"embeddable":true,"href":"https:\/\/infovera.com.ar\/web\/wp-json\/wp\/v2\/comments?post=44070"}],"version-history":[{"count":0,"href":"https:\/\/infovera.com.ar\/web\/wp-json\/wp\/v2\/posts\/44070\/revisions"}],"wp:featuredmedia":[{"embeddable":true,"href":"https:\/\/infovera.com.ar\/web\/wp-json\/wp\/v2\/media\/44071"}],"wp:attachment":[{"href":"https:\/\/infovera.com.ar\/web\/wp-json\/wp\/v2\/media?parent=44070"}],"wp:term":[{"taxonomy":"category","embeddable":true,"href":"https:\/\/infovera.com.ar\/web\/wp-json\/wp\/v2\/categories?post=44070"},{"taxonomy":"post_tag","embeddable":true,"href":"https:\/\/infovera.com.ar\/web\/wp-json\/wp\/v2\/tags?post=44070"}],"curies":[{"name":"wp","href":"https:\/\/api.w.org\/{rel}","templated":true}]}}