{"id":44049,"date":"2023-05-18T18:29:20","date_gmt":"2023-05-18T21:29:20","guid":{"rendered":"https:\/\/infovera.com.ar\/web\/?p=44049"},"modified":"2023-05-18T18:29:20","modified_gmt":"2023-05-18T21:29:20","slug":"delivery-de-drogas-en-vera-dos-detenidos-con-34-envoltorios-de-cocaina","status":"publish","type":"post","link":"https:\/\/infovera.com.ar\/web\/2023\/05\/18\/delivery-de-drogas-en-vera-dos-detenidos-con-34-envoltorios-de-cocaina\/","title":{"rendered":"Delivery de drogas en Vera: dos detenidos con 34 envoltorios de coca\u00edna"},"content":{"rendered":"<p><strong>Este jueves, personal de la Brigada de Drogas de Vera dependiente de la AIC dio cumplimiento a tres \u00e9rdenes de allanamiento libradas por el juez federal Aldo Mario Alurralde<\/strong> dirigidas a los domicilios de los investigados, quienes se encontraban identificados como presuntos vendedores barriales de material estupefaciente en la ciudad de Vera, logr\u00e1ndose incautar:<\/p>\n<p>\u300b34 envoltorios de coca\u00edna;<br \/>\n\u300b9 envoltorios de marihuana;<br \/>\n\u300b5 tel\u00e9fonos celulares;<br \/>\n\u300bun ciclomotor con el que se hac\u00edan repartos en la modalidad &#8220;delivery&#8221;; y<br \/>\n\u300bAnotaciones de inter\u00e9s a la causa (referencias de montos de dinero y consortes de causa, lo cual evidencia la relaci\u00f3n entre ellos).<\/p>\n<p>En virtud de todas las investigaciones previas (intervenciones telef\u00f3nicas y tareas de campo) y el resultado de los allanamientos, quedaron detenidos Sabrina Beatriz Poli, y Marcos David Caba\u00f1a, quienes quedar\u00e1n alojados en la alcaid\u00eda de la U.R. XIX, y ser\u00e1n indagados por el juez federal de Reconquista durante la ma\u00f1ana del viernes 19 de mayo de 2023 por infracci\u00f3n a la ley de estupefacientes.<\/p>\n<p><a href=\"https:\/\/infovera.com.ar\/web\/wp-content\/uploads\/2023\/05\/coca.jpg\"><img loading=\"lazy\" decoding=\"async\" class=\"alignleft size-full wp-image-44052\" src=\"https:\/\/infovera.com.ar\/web\/wp-content\/uploads\/2023\/05\/coca.jpg\" alt=\"\" width=\"1453\" height=\"1068\" srcset=\"https:\/\/infovera.com.ar\/web\/wp-content\/uploads\/2023\/05\/coca.jpg 1453w, https:\/\/infovera.com.ar\/web\/wp-content\/uploads\/2023\/05\/coca-696x512.jpg 696w, https:\/\/infovera.com.ar\/web\/wp-content\/uploads\/2023\/05\/coca-1068x785.jpg 1068w, https:\/\/infovera.com.ar\/web\/wp-content\/uploads\/2023\/05\/coca-571x420.jpg 571w, https:\/\/infovera.com.ar\/web\/wp-content\/uploads\/2023\/05\/coca-80x60.jpg 80w\" sizes=\"auto, (max-width: 1453px) 100vw, 1453px\" \/><\/a><\/p>\n<p><a href=\"https:\/\/infovera.com.ar\/web\/wp-content\/uploads\/2023\/05\/vera-drogas-1.jpg\"><img loading=\"lazy\" decoding=\"async\" class=\"alignleft size-full wp-image-44051\" src=\"https:\/\/infovera.com.ar\/web\/wp-content\/uploads\/2023\/05\/vera-drogas-1.jpg\" alt=\"\" width=\"1599\" height=\"899\" srcset=\"https:\/\/infovera.com.ar\/web\/wp-content\/uploads\/2023\/05\/vera-drogas-1.jpg 1599w, https:\/\/infovera.com.ar\/web\/wp-content\/uploads\/2023\/05\/vera-drogas-1-696x391.jpg 696w, https:\/\/infovera.com.ar\/web\/wp-content\/uploads\/2023\/05\/vera-drogas-1-1068x600.jpg 1068w, https:\/\/infovera.com.ar\/web\/wp-content\/uploads\/2023\/05\/vera-drogas-1-747x420.jpg 747w\" sizes=\"auto, (max-width: 1599px) 100vw, 1599px\" \/><\/a><\/p>\n","protected":false},"excerpt":{"rendered":"<p>Este jueves, personal de la Brigada de Drogas de Vera dependiente de la AIC dio cumplimiento a tres \u00e9rdenes de allanamiento libradas por el juez federal Aldo Mario Alurralde dirigidas a los domicilios de los investigados, quienes se encontraban identificados como presuntos vendedores barriales de material estupefaciente en la ciudad de Vera, logr\u00e1ndose incautar: \u300b34 [&hellip;]<\/p>\n","protected":false},"author":3,"featured_media":44050,"comment_status":"closed","ping_status":"closed","sticky":false,"template":"","format":"standard","meta":{"_joinchat":[],"footnotes":""},"categories":[56],"tags":[],"class_list":{"0":"post-44049","1":"post","2":"type-post","3":"status-publish","4":"format-standard","5":"has-post-thumbnail","7":"category-destacados"},"_links":{"self":[{"href":"https:\/\/infovera.com.ar\/web\/wp-json\/wp\/v2\/posts\/44049","targetHints":{"allow":["GET"]}}],"collection":[{"href":"https:\/\/infovera.com.ar\/web\/wp-json\/wp\/v2\/posts"}],"about":[{"href":"https:\/\/infovera.com.ar\/web\/wp-json\/wp\/v2\/types\/post"}],"author":[{"embeddable":true,"href":"https:\/\/infovera.com.ar\/web\/wp-json\/wp\/v2\/users\/3"}],"replies":[{"embeddable":true,"href":"https:\/\/infovera.com.ar\/web\/wp-json\/wp\/v2\/comments?post=44049"}],"version-history":[{"count":0,"href":"https:\/\/infovera.com.ar\/web\/wp-json\/wp\/v2\/posts\/44049\/revisions"}],"wp:featuredmedia":[{"embeddable":true,"href":"https:\/\/infovera.com.ar\/web\/wp-json\/wp\/v2\/media\/44050"}],"wp:attachment":[{"href":"https:\/\/infovera.com.ar\/web\/wp-json\/wp\/v2\/media?parent=44049"}],"wp:term":[{"taxonomy":"category","embeddable":true,"href":"https:\/\/infovera.com.ar\/web\/wp-json\/wp\/v2\/categories?post=44049"},{"taxonomy":"post_tag","embeddable":true,"href":"https:\/\/infovera.com.ar\/web\/wp-json\/wp\/v2\/tags?post=44049"}],"curies":[{"name":"wp","href":"https:\/\/api.w.org\/{rel}","templated":true}]}}