{"id":44037,"date":"2023-05-18T10:25:44","date_gmt":"2023-05-18T13:25:44","guid":{"rendered":"https:\/\/infovera.com.ar\/web\/?p=44037"},"modified":"2023-05-19T18:47:54","modified_gmt":"2023-05-19T21:47:54","slug":"el-cancer-de-utero-fue-el-de-mayor-mortalidad-en-el-norte-provincial","status":"publish","type":"post","link":"https:\/\/infovera.com.ar\/web\/2023\/05\/18\/el-cancer-de-utero-fue-el-de-mayor-mortalidad-en-el-norte-provincial\/","title":{"rendered":"El c\u00e1ncer de \u00fatero fue el de mayor mortalidad en el norte provincial"},"content":{"rendered":"<p>La Agencia de Control del C\u00e1ncer present\u00f3 los datos de mortalidad de la \u00faltima d\u00e9cada en Santa Fe.<\/p>\n<p>El informe provincial elaborado por el Registro de C\u00e1ncer del Ministerio de Salud, incluye tambi\u00e9n datos de incidencia y diagn\u00f3sticos ocurridos entre los a\u00f1os 2013 y 2017.<\/p>\n<p>El Ministerio de Salud a trav\u00e9s de su Agencia de Control del C\u00e1ncer, present\u00f3 el \u00faltimo Informe de Morbimortalidad por c\u00e1ncer en la provincia de Santa Fe. Se trata de un an\u00e1lisis pormenorizado de vigilancia epidemiol\u00f3gica por c\u00e1ncer en la \u00faltima d\u00e9cada, con datos de mortalidad en el per\u00edodo 2011-2019 y de incidencia en el quinquenio 2013-2017. Los datos fueron presentados este mi\u00e9rcoles en la ciudad de Rosario, en la reuni\u00f3n anual de Lalcec regi\u00f3n IV, que nuclea a todos los voluntarios de las provincias de Santa Fe y Entre R\u00edos.<\/p>\n<p>Dentro de los datos que procesa el informe de la Agencia de Control del C\u00e1ncer se destacan los de mortalidad e incidencia de los tumores que m\u00e1s afectan a la poblaci\u00f3n: c\u00e1ncer de pulm\u00f3n, mama, colon y cuello uterino; suma tambi\u00e9n los datos de mortalidad e incidencia de melanoma.<\/p>\n<p>La vigilancia epidemiol\u00f3gica del c\u00e1ncer se basa en la recolecci\u00f3n continua y sistem\u00e1tica de datos sobre la ocurrencia de esta enfermedad y sus determinantes. Adem\u00e1s de determinar, por ejemplo, que durante el per\u00edodo de cinco a\u00f1os entre los a\u00f1os 2013 y 2017 se diagnosticaron 52.701 tumores en la provincia de Santa Fe, unos 10.500 casos de c\u00e1ncer por a\u00f1o, el informe permite conocer la distribuci\u00f3n de los factores que afectan directa e indirectamente la salud de la poblaci\u00f3n y es una herramienta para los gestores responsables de la toma de decisiones.<\/p>\n<p>En este sentido, la doctora Graciela L\u00f3pez de Degani, directora provincial de la Agencia de Control del C\u00e1ncer destac\u00f3: \u201cTenemos datos departamentales que nos permite tener un an\u00e1lisis microrregional y saber qu\u00e9 estrategia sanitaria debemos tomar en cada lugar. Sabemos por ejemplo que en el norte debemos priorizar la prevenci\u00f3n de c\u00e1ncer de cuello de \u00fatero, que en el sur ser\u00e1 otra estrategia, as\u00ed como en cada departamento analizado. Tener esta informaci\u00f3n nos posiciona para trabajar seriamente en las pol\u00edticas p\u00fablicas que implementamos para mejorar la calidad de vida de todas estas personas que en alg\u00fan momento de su vida pueden tener cualquiera de todas estas enfermedades\u201d.<\/p>\n<p>La funcionaria se refiri\u00f3 a datos globales del \u00faltimo informe y destac\u00f3 que \u201cla provincia de Santa Fe se ubica en cuanto a sus estad\u00edsticas de mortalidad e incidencia en una media nacional, con algunas variaciones como por ejemplo un poco por encima en relaci\u00f3n a c\u00e1ncer de colon y por debajo en cuando a c\u00e1ncer de cuello de \u00fatero\u201d.<\/p>\n<p>Por ese motivo es que se priorizan las estrategias de tamizaje poblacional y detecci\u00f3n temprana que se articulan desde cada Programa de Prevenci\u00f3n de la Agencia de Control del C\u00e1ncer.<\/p>\n<p><strong>Acced\u00e9 al informe completo a trav\u00e9s del siguiente link:<\/strong><\/p>\n<p><span style=\"color: #ff0000;\"><strong><a style=\"color: #ff0000;\" href=\"https:\/\/www.santafe.gob.ar\/index.php\/web\/content\/download\/272772\/1419982\/file\/Informe%20Morbimortalidad%20por%20C%C3%A1ncer%20Santa%20Fe.pdf\">Informe completo<\/a><\/strong><\/span><\/p>\n","protected":false},"excerpt":{"rendered":"<p>La Agencia de Control del C\u00e1ncer present\u00f3 los datos de mortalidad de la \u00faltima d\u00e9cada en Santa Fe. El informe provincial elaborado por el Registro de C\u00e1ncer del Ministerio de Salud, incluye tambi\u00e9n datos de incidencia y diagn\u00f3sticos ocurridos entre los a\u00f1os 2013 y 2017. El Ministerio de Salud a trav\u00e9s de su Agencia de [&hellip;]<\/p>\n","protected":false},"author":3,"featured_media":44038,"comment_status":"closed","ping_status":"closed","sticky":false,"template":"","format":"standard","meta":{"_joinchat":[],"footnotes":""},"categories":[46,51,36],"tags":[],"class_list":{"0":"post-44037","1":"post","2":"type-post","3":"status-publish","4":"format-standard","5":"has-post-thumbnail","7":"category-ciencia","8":"category-locales","9":"category-sociedad"},"_links":{"self":[{"href":"https:\/\/infovera.com.ar\/web\/wp-json\/wp\/v2\/posts\/44037","targetHints":{"allow":["GET"]}}],"collection":[{"href":"https:\/\/infovera.com.ar\/web\/wp-json\/wp\/v2\/posts"}],"about":[{"href":"https:\/\/infovera.com.ar\/web\/wp-json\/wp\/v2\/types\/post"}],"author":[{"embeddable":true,"href":"https:\/\/infovera.com.ar\/web\/wp-json\/wp\/v2\/users\/3"}],"replies":[{"embeddable":true,"href":"https:\/\/infovera.com.ar\/web\/wp-json\/wp\/v2\/comments?post=44037"}],"version-history":[{"count":0,"href":"https:\/\/infovera.com.ar\/web\/wp-json\/wp\/v2\/posts\/44037\/revisions"}],"wp:featuredmedia":[{"embeddable":true,"href":"https:\/\/infovera.com.ar\/web\/wp-json\/wp\/v2\/media\/44038"}],"wp:attachment":[{"href":"https:\/\/infovera.com.ar\/web\/wp-json\/wp\/v2\/media?parent=44037"}],"wp:term":[{"taxonomy":"category","embeddable":true,"href":"https:\/\/infovera.com.ar\/web\/wp-json\/wp\/v2\/categories?post=44037"},{"taxonomy":"post_tag","embeddable":true,"href":"https:\/\/infovera.com.ar\/web\/wp-json\/wp\/v2\/tags?post=44037"}],"curies":[{"name":"wp","href":"https:\/\/api.w.org\/{rel}","templated":true}]}}