{"id":44007,"date":"2023-05-16T10:51:58","date_gmt":"2023-05-16T13:51:58","guid":{"rendered":"https:\/\/infovera.com.ar\/web\/?p=44007"},"modified":"2023-05-16T10:51:58","modified_gmt":"2023-05-16T13:51:58","slug":"cuello-ira-por-la-quinta-renovacion-de-mandato","status":"publish","type":"post","link":"https:\/\/infovera.com.ar\/web\/2023\/05\/16\/cuello-ira-por-la-quinta-renovacion-de-mandato\/","title":{"rendered":"Cuello ir\u00e1 por la quinta renovaci\u00f3n de mandato"},"content":{"rendered":"<p>El actual intendente Rub\u00e9n Cuello ir\u00e1 por la quinta renovacion de su mandato.<\/p>\n<p>La lista de precandidatos a concejales ser\u00e1 liderada por el docente Wilfredo Furrer, secundado por Noelia Taboada y Germ\u00e1n Pigh\u00edn como titulares. Como suplentes Caren Gimenez, Gaston Delgado y Miriam Sambucaro.<\/p>\n<p>Precandidato a Senador: Dr. Osvaldo Sosa<\/p>\n<p>Precandidatos a Gobernador: Marcelo Lewandowski y Silvina Frana<\/p>\n<p>Precandidatos a Diputados: Omar Perotti.<\/p>\n","protected":false},"excerpt":{"rendered":"<p>El actual intendente Rub\u00e9n Cuello ir\u00e1 por la quinta renovacion de su mandato. La lista de precandidatos a concejales ser\u00e1 liderada por el docente Wilfredo Furrer, secundado por Noelia Taboada y Germ\u00e1n Pigh\u00edn como titulares. Como suplentes Caren Gimenez, Gaston Delgado y Miriam Sambucaro. Precandidato a Senador: Dr. Osvaldo Sosa Precandidatos a Gobernador: Marcelo Lewandowski [&hellip;]<\/p>\n","protected":false},"author":3,"featured_media":30060,"comment_status":"closed","ping_status":"closed","sticky":false,"template":"","format":"standard","meta":{"_joinchat":[],"footnotes":""},"categories":[52],"tags":[],"class_list":{"0":"post-44007","1":"post","2":"type-post","3":"status-publish","4":"format-standard","5":"has-post-thumbnail","7":"category-calchaqui"},"_links":{"self":[{"href":"https:\/\/infovera.com.ar\/web\/wp-json\/wp\/v2\/posts\/44007","targetHints":{"allow":["GET"]}}],"collection":[{"href":"https:\/\/infovera.com.ar\/web\/wp-json\/wp\/v2\/posts"}],"about":[{"href":"https:\/\/infovera.com.ar\/web\/wp-json\/wp\/v2\/types\/post"}],"author":[{"embeddable":true,"href":"https:\/\/infovera.com.ar\/web\/wp-json\/wp\/v2\/users\/3"}],"replies":[{"embeddable":true,"href":"https:\/\/infovera.com.ar\/web\/wp-json\/wp\/v2\/comments?post=44007"}],"version-history":[{"count":0,"href":"https:\/\/infovera.com.ar\/web\/wp-json\/wp\/v2\/posts\/44007\/revisions"}],"wp:featuredmedia":[{"embeddable":true,"href":"https:\/\/infovera.com.ar\/web\/wp-json\/wp\/v2\/media\/30060"}],"wp:attachment":[{"href":"https:\/\/infovera.com.ar\/web\/wp-json\/wp\/v2\/media?parent=44007"}],"wp:term":[{"taxonomy":"category","embeddable":true,"href":"https:\/\/infovera.com.ar\/web\/wp-json\/wp\/v2\/categories?post=44007"},{"taxonomy":"post_tag","embeddable":true,"href":"https:\/\/infovera.com.ar\/web\/wp-json\/wp\/v2\/tags?post=44007"}],"curies":[{"name":"wp","href":"https:\/\/api.w.org\/{rel}","templated":true}]}}