{"id":43978,"date":"2023-05-14T10:22:41","date_gmt":"2023-05-14T13:22:41","guid":{"rendered":"https:\/\/infovera.com.ar\/web\/?p=43978"},"modified":"2023-05-14T19:10:22","modified_gmt":"2023-05-14T22:10:22","slug":"un-policia-herido-tras-ser-embestido-por-un-auto-cuya-conductora-dio-alcoholemia-positiva","status":"publish","type":"post","link":"https:\/\/infovera.com.ar\/web\/2023\/05\/14\/un-policia-herido-tras-ser-embestido-por-un-auto-cuya-conductora-dio-alcoholemia-positiva\/","title":{"rendered":"Un polic\u00eda herido tras ser embestido por un auto cuya conductora dio alcoholemia positiva"},"content":{"rendered":"<p>El hecho ocurri\u00f3 en la madrugada del domingo en Avellaneda.El veh\u00edculo fue retenido por inspectores de tr\u00e1nsito.<\/p>\n<p>A las 4:45, efetivos policiales de Avellaneda acudieron a la intersecci\u00f3n de Calle 21 y H\u00e9roes de Malvinas donde un motociclista estaba tendido en el suelo.Al notar la presencia policial intent\u00f3 encender su moto y seguir camino, pero volvi\u00f3 a precipitarse al piso.<\/p>\n<p>Al momento de identificarlo, los polic\u00edas advirtieron que emanaba un fuerte aliento et\u00edlico. Se trat\u00f3 de un joven domiciliado en el barrio Luj\u00e1n, de Reconquista.<\/p>\n<p>Se hicieron presentes inspectores de tr\u00e1nsito fines realizarle control alcoholemia en el masculino, pero cuando el oficia Mauro Rivero se dirig\u00eda a la parte delantera del m\u00f3vil policial fue embestido por un veh\u00edculo particular, que se conduc\u00eda de sur a norte. Un Chevrolet Corsa al volante del cual iba Yohana Daniela F., de 29 a\u00f1os y vecina de Avellaneda; el impacto caus\u00f3 lesiones leves en el pie y la rodilla derecha al agente de seguridad, que fue trasladado al Hospital de Reconquista.<\/p>\n<p>La conductora del autom\u00f3vil arroj\u00f3 resultado positivo para alcoholemia: de 1,85 gl y le fue retenido el auto. Lo propio ocurri\u00f3 con la moto, aunque el test de alcohol no pudo ser realizado al joven ya que no no respond\u00eda a las \u00f3rdenes impartidas.<\/p>\n","protected":false},"excerpt":{"rendered":"<p>El hecho ocurri\u00f3 en la madrugada del domingo en Avellaneda.El veh\u00edculo fue retenido por inspectores de tr\u00e1nsito. A las 4:45, efetivos policiales de Avellaneda acudieron a la intersecci\u00f3n de Calle 21 y H\u00e9roes de Malvinas donde un motociclista estaba tendido en el suelo.Al notar la presencia policial intent\u00f3 encender su moto y seguir camino, pero [&hellip;]<\/p>\n","protected":false},"author":3,"featured_media":43979,"comment_status":"closed","ping_status":"closed","sticky":false,"template":"","format":"standard","meta":{"_joinchat":[],"footnotes":""},"categories":[55],"tags":[],"class_list":{"0":"post-43978","1":"post","2":"type-post","3":"status-publish","4":"format-standard","5":"has-post-thumbnail","7":"category-reconquista"},"_links":{"self":[{"href":"https:\/\/infovera.com.ar\/web\/wp-json\/wp\/v2\/posts\/43978","targetHints":{"allow":["GET"]}}],"collection":[{"href":"https:\/\/infovera.com.ar\/web\/wp-json\/wp\/v2\/posts"}],"about":[{"href":"https:\/\/infovera.com.ar\/web\/wp-json\/wp\/v2\/types\/post"}],"author":[{"embeddable":true,"href":"https:\/\/infovera.com.ar\/web\/wp-json\/wp\/v2\/users\/3"}],"replies":[{"embeddable":true,"href":"https:\/\/infovera.com.ar\/web\/wp-json\/wp\/v2\/comments?post=43978"}],"version-history":[{"count":0,"href":"https:\/\/infovera.com.ar\/web\/wp-json\/wp\/v2\/posts\/43978\/revisions"}],"wp:featuredmedia":[{"embeddable":true,"href":"https:\/\/infovera.com.ar\/web\/wp-json\/wp\/v2\/media\/43979"}],"wp:attachment":[{"href":"https:\/\/infovera.com.ar\/web\/wp-json\/wp\/v2\/media?parent=43978"}],"wp:term":[{"taxonomy":"category","embeddable":true,"href":"https:\/\/infovera.com.ar\/web\/wp-json\/wp\/v2\/categories?post=43978"},{"taxonomy":"post_tag","embeddable":true,"href":"https:\/\/infovera.com.ar\/web\/wp-json\/wp\/v2\/tags?post=43978"}],"curies":[{"name":"wp","href":"https:\/\/api.w.org\/{rel}","templated":true}]}}