{"id":43957,"date":"2023-05-12T17:01:45","date_gmt":"2023-05-12T20:01:45","guid":{"rendered":"https:\/\/infovera.com.ar\/web\/?p=43957"},"modified":"2023-05-14T18:51:57","modified_gmt":"2023-05-14T21:51:57","slug":"tiago-giansily-sera-candidato-a-concejal-por-unidos","status":"publish","type":"post","link":"https:\/\/infovera.com.ar\/web\/2023\/05\/12\/tiago-giansily-sera-candidato-a-concejal-por-unidos\/","title":{"rendered":"Tiago Giansily ser\u00e1 candidato a concejal por Unidos"},"content":{"rendered":"<p>El joven referente pol\u00edtico y emprendedor verense present\u00f3 su lista a concejal.<\/p>\n<p>Tiago Giansily competir\u00e1 en el categor\u00eda concejales sin lista a intendente ni a senador, dentro de la interna de Unidos para Cambiar Santa Fe.<\/p>\n<p>Representa a dupla Losada &#8211; Angelini y es el candidato de Juntos por el Cambio a nivel nacional.<\/p>\n<p>Lo acompa\u00f1an en la lista Ver\u00f3nica G\u00f3mez, docente y militante radical; Sebasti\u00e1n Quir\u00f3z, agente de seguridad; Ana Laura Romeggio, emprendedora; Joel Aguirre, cantante y profesor de teatro; y Susana Pucheta, directora del Jard\u00edn N\u00ba 208.<\/p>\n","protected":false},"excerpt":{"rendered":"<p>El joven referente pol\u00edtico y emprendedor verense present\u00f3 su lista a concejal. Tiago Giansily competir\u00e1 en el categor\u00eda concejales sin lista a intendente ni a senador, dentro de la interna de Unidos para Cambiar Santa Fe. Representa a dupla Losada &#8211; Angelini y es el candidato de Juntos por el Cambio a nivel nacional. Lo [&hellip;]<\/p>\n","protected":false},"author":3,"featured_media":43958,"comment_status":"closed","ping_status":"closed","sticky":false,"template":"","format":"standard","meta":{"_joinchat":[],"footnotes":""},"categories":[53],"tags":[],"class_list":{"0":"post-43957","1":"post","2":"type-post","3":"status-publish","4":"format-standard","5":"has-post-thumbnail","7":"category-vera"},"_links":{"self":[{"href":"https:\/\/infovera.com.ar\/web\/wp-json\/wp\/v2\/posts\/43957","targetHints":{"allow":["GET"]}}],"collection":[{"href":"https:\/\/infovera.com.ar\/web\/wp-json\/wp\/v2\/posts"}],"about":[{"href":"https:\/\/infovera.com.ar\/web\/wp-json\/wp\/v2\/types\/post"}],"author":[{"embeddable":true,"href":"https:\/\/infovera.com.ar\/web\/wp-json\/wp\/v2\/users\/3"}],"replies":[{"embeddable":true,"href":"https:\/\/infovera.com.ar\/web\/wp-json\/wp\/v2\/comments?post=43957"}],"version-history":[{"count":0,"href":"https:\/\/infovera.com.ar\/web\/wp-json\/wp\/v2\/posts\/43957\/revisions"}],"wp:featuredmedia":[{"embeddable":true,"href":"https:\/\/infovera.com.ar\/web\/wp-json\/wp\/v2\/media\/43958"}],"wp:attachment":[{"href":"https:\/\/infovera.com.ar\/web\/wp-json\/wp\/v2\/media?parent=43957"}],"wp:term":[{"taxonomy":"category","embeddable":true,"href":"https:\/\/infovera.com.ar\/web\/wp-json\/wp\/v2\/categories?post=43957"},{"taxonomy":"post_tag","embeddable":true,"href":"https:\/\/infovera.com.ar\/web\/wp-json\/wp\/v2\/tags?post=43957"}],"curies":[{"name":"wp","href":"https:\/\/api.w.org\/{rel}","templated":true}]}}