{"id":43952,"date":"2023-05-12T18:16:01","date_gmt":"2023-05-12T21:16:01","guid":{"rendered":"https:\/\/infovera.com.ar\/web\/?p=43952"},"modified":"2023-05-14T18:50:58","modified_gmt":"2023-05-14T21:50:58","slug":"paula-mitre-y-federico-moral-encabezan-las-listas-del-oficialismo-en-vera","status":"publish","type":"post","link":"https:\/\/infovera.com.ar\/web\/2023\/05\/12\/paula-mitre-y-federico-moral-encabezan-las-listas-del-oficialismo-en-vera\/","title":{"rendered":"Paula Mitre y Federico Moral encabezan las listas del oficialismo en Vera"},"content":{"rendered":"<p><strong>La n\u00f3mina para intendente y concejales ser\u00e1 inscripta el lunes hoy en el Tribunal Electoral de Santa Fe.<\/strong><\/p>\n<p>Paula Mitre ser\u00e1 formal y legalmente inscripta el pr\u00f3ximo lunes para ir por la reelecci\u00f3n en la intendencia. La mandataria representar\u00e1 en la categor\u00eda intendente a Unidos para Cambiar Santa Fe, que lleva como candidata a gobernadora a Carolina Losada.<\/p>\n<p>En la n\u00f3mina de concejales, Federico Moral (Creo), titular municipal de Deportes, se ubica primero, seguido por Ana Paula Capello Armando (PS) y An\u00edbal Daniel Coronado (UCR.<\/p>\n<p>Para tomarse la foto de inicio de campa\u00f1a, hoy se encontraron Plaza Independencia Paula Mitre y los referentes de los espacios pol\u00edticos de Creo, UCR y Socialismo.<\/p>\n<p>El encuentro dej\u00f3 sellado un crecimiento de nuevos actores pol\u00edticos a la propuesta de consensos que permanentemente viene abonando Paula Mitre y su equipo.<\/p>\n<p>Con tiempo y ordenados, con las caracter\u00edsticas ya conocidas de bajo perfil, pero con la claridad de saber lo que se quiere, Mitre suma fuerzas para afrontar su ya dispuesta reelecci\u00f3n a la intendencia de cara a las pr\u00f3ximas elecciones, llevando una lista a concejales que refleja la expresi\u00f3n de los tres espacios participantes.<\/p>\n","protected":false},"excerpt":{"rendered":"<p>La n\u00f3mina para intendente y concejales ser\u00e1 inscripta el lunes hoy en el Tribunal Electoral de Santa Fe. Paula Mitre ser\u00e1 formal y legalmente inscripta el pr\u00f3ximo lunes para ir por la reelecci\u00f3n en la intendencia. La mandataria representar\u00e1 en la categor\u00eda intendente a Unidos para Cambiar Santa Fe, que lleva como candidata a gobernadora [&hellip;]<\/p>\n","protected":false},"author":3,"featured_media":43953,"comment_status":"closed","ping_status":"closed","sticky":false,"template":"","format":"standard","meta":{"_joinchat":[],"footnotes":""},"categories":[53],"tags":[],"class_list":{"0":"post-43952","1":"post","2":"type-post","3":"status-publish","4":"format-standard","5":"has-post-thumbnail","7":"category-vera"},"_links":{"self":[{"href":"https:\/\/infovera.com.ar\/web\/wp-json\/wp\/v2\/posts\/43952","targetHints":{"allow":["GET"]}}],"collection":[{"href":"https:\/\/infovera.com.ar\/web\/wp-json\/wp\/v2\/posts"}],"about":[{"href":"https:\/\/infovera.com.ar\/web\/wp-json\/wp\/v2\/types\/post"}],"author":[{"embeddable":true,"href":"https:\/\/infovera.com.ar\/web\/wp-json\/wp\/v2\/users\/3"}],"replies":[{"embeddable":true,"href":"https:\/\/infovera.com.ar\/web\/wp-json\/wp\/v2\/comments?post=43952"}],"version-history":[{"count":0,"href":"https:\/\/infovera.com.ar\/web\/wp-json\/wp\/v2\/posts\/43952\/revisions"}],"wp:featuredmedia":[{"embeddable":true,"href":"https:\/\/infovera.com.ar\/web\/wp-json\/wp\/v2\/media\/43953"}],"wp:attachment":[{"href":"https:\/\/infovera.com.ar\/web\/wp-json\/wp\/v2\/media?parent=43952"}],"wp:term":[{"taxonomy":"category","embeddable":true,"href":"https:\/\/infovera.com.ar\/web\/wp-json\/wp\/v2\/categories?post=43952"},{"taxonomy":"post_tag","embeddable":true,"href":"https:\/\/infovera.com.ar\/web\/wp-json\/wp\/v2\/tags?post=43952"}],"curies":[{"name":"wp","href":"https:\/\/api.w.org\/{rel}","templated":true}]}}