{"id":43942,"date":"2023-05-14T11:39:44","date_gmt":"2023-05-14T14:39:44","guid":{"rendered":"https:\/\/infovera.com.ar\/web\/?p=43942"},"modified":"2023-05-14T18:11:58","modified_gmt":"2023-05-14T21:11:58","slug":"victoria-tolosa-paz-llega-al-norte-y-estara-en-vera","status":"publish","type":"post","link":"https:\/\/infovera.com.ar\/web\/2023\/05\/14\/victoria-tolosa-paz-llega-al-norte-y-estara-en-vera\/","title":{"rendered":"Victoria Tolosa Paz llega al norte y estar\u00e1 en Vera en la ma\u00f1ana del lunes"},"content":{"rendered":"<p>La visita de la ministra de Desarrollo Social de la Naci\u00f3n est\u00e1 prevista para el pr\u00f3ximo lunes.<\/p>\n<p>La contadora Victoria Tolosa Paz llegar\u00e1 al norte de la provincia una recorrida oficial que abarcar\u00e1 a Reconquista y a Vera.<\/p>\n<p>En horas de la ma\u00f1ana, a las 8:30 estar\u00e1 en esta ciudad, seg\u00fan pudo confirmar <strong>InfoVera<\/strong>.<\/p>\n<p>Se esperan anuncios de obras y firmas de convenios.<\/p>\n","protected":false},"excerpt":{"rendered":"<p>La visita de la ministra de Desarrollo Social de la Naci\u00f3n est\u00e1 prevista para el pr\u00f3ximo lunes. La contadora Victoria Tolosa Paz llegar\u00e1 al norte de la provincia una recorrida oficial que abarcar\u00e1 a Reconquista y a Vera. En horas de la ma\u00f1ana, a las 8:30 estar\u00e1 en esta ciudad, seg\u00fan pudo confirmar InfoVera. Se [&hellip;]<\/p>\n","protected":false},"author":3,"featured_media":43943,"comment_status":"closed","ping_status":"closed","sticky":false,"template":"","format":"standard","meta":{"_joinchat":[],"footnotes":""},"categories":[56],"tags":[],"class_list":{"0":"post-43942","1":"post","2":"type-post","3":"status-publish","4":"format-standard","5":"has-post-thumbnail","7":"category-destacados"},"_links":{"self":[{"href":"https:\/\/infovera.com.ar\/web\/wp-json\/wp\/v2\/posts\/43942","targetHints":{"allow":["GET"]}}],"collection":[{"href":"https:\/\/infovera.com.ar\/web\/wp-json\/wp\/v2\/posts"}],"about":[{"href":"https:\/\/infovera.com.ar\/web\/wp-json\/wp\/v2\/types\/post"}],"author":[{"embeddable":true,"href":"https:\/\/infovera.com.ar\/web\/wp-json\/wp\/v2\/users\/3"}],"replies":[{"embeddable":true,"href":"https:\/\/infovera.com.ar\/web\/wp-json\/wp\/v2\/comments?post=43942"}],"version-history":[{"count":0,"href":"https:\/\/infovera.com.ar\/web\/wp-json\/wp\/v2\/posts\/43942\/revisions"}],"wp:featuredmedia":[{"embeddable":true,"href":"https:\/\/infovera.com.ar\/web\/wp-json\/wp\/v2\/media\/43943"}],"wp:attachment":[{"href":"https:\/\/infovera.com.ar\/web\/wp-json\/wp\/v2\/media?parent=43942"}],"wp:term":[{"taxonomy":"category","embeddable":true,"href":"https:\/\/infovera.com.ar\/web\/wp-json\/wp\/v2\/categories?post=43942"},{"taxonomy":"post_tag","embeddable":true,"href":"https:\/\/infovera.com.ar\/web\/wp-json\/wp\/v2\/tags?post=43942"}],"curies":[{"name":"wp","href":"https:\/\/api.w.org\/{rel}","templated":true}]}}