{"id":43919,"date":"2023-05-11T18:26:00","date_gmt":"2023-05-11T21:26:00","guid":{"rendered":"https:\/\/infovera.com.ar\/web\/?p=43919"},"modified":"2023-05-14T18:52:51","modified_gmt":"2023-05-14T21:52:51","slug":"la-cava-municipal-un-foco-de-contaminacion-ambiental-que-agranda-la-grieta-politica-en-vera","status":"publish","type":"post","link":"https:\/\/infovera.com.ar\/web\/2023\/05\/11\/la-cava-municipal-un-foco-de-contaminacion-ambiental-que-agranda-la-grieta-politica-en-vera\/","title":{"rendered":"La cava municipal, un foco de contaminaci\u00f3n ambiental que no encuentra soluci\u00f3n"},"content":{"rendered":"<p><strong>El humo que proviene del basural volvi\u00f3 a invadir la ciudad. Vecinos autoconvocados elevaron un reclamo al Concejo. La oposici\u00f3n inst\u00f3 al Ejecutivo a hacerse cargo de la problem\u00e1tica. La postura del oficialismo.<\/strong><\/p>\n<p>Los concejales de Vera trataron en la sesi\u00f3n semanal un tema de candente actualidad, con vigencia de varios a\u00f1os hasta la fecha: la cava municipal, que arde y emana humo a la urbanidad.<\/p>\n<p>El disparador del debate el recinto fue una nota ingresada por vecinos de los barrios Secci\u00f3n Quintas y San Francisco Solano dando cuenta de dos reuniones mantenidas para &#8220;tratar la problem\u00e1tica del basural a cielo abierto&#8221;.<\/p>\n<p>&#8220;Hemos consensuado que el tema requiere una soluci\u00f3n urgente&#8221;, ya que es un &#8220;problema ambiental e insalubre que afecta a toda la comunidad de Vera&#8221;, indicaron, en tanto consignaron &#8220;un historial de denuncias reclamos y testimonios de problemas de salud ocasionados por la contaminaci\u00f3n que ocasionan basura&#8221;.<\/p>\n<p>En la misiva, quienes viven en los dos barrios del norte de la ciudad manifestaron: &#8220;Creemos que mediante el di\u00e1logo respetuoso con los sectores pol\u00edticos que tienen a cargo la responsabilidad de gestionar las necesidades b\u00e1sicas de la comunidad se puede dar soluci\u00f3n a tan preocupante problema&#8221;.<\/p>\n<p>El reclamo vecinal fue elevado por los ediles al Ejecutivo para una soluci\u00f3n y se acord\u00f3, por unanimidad, convocar al responsable del \u00e1rea de manejo de la cava para que informe acciones y gestiones llevadas a cabo. Las miradas de los representantes del pueblo fueron dis\u00edmiles, mientras la oposici\u00f3n carg\u00f3 contra el gobierno, el oficialismo propuso una mirada m\u00e1s abarcativa y centr\u00f3 la soluci\u00f3n en la consecuci\u00f3n de fondos (provinciales y\/o nacionales).<\/p>\n<p><a href=\"https:\/\/infovera.com.ar\/web\/wp-content\/uploads\/2023\/05\/concejo-vera.jpg\"><img loading=\"lazy\" decoding=\"async\" class=\"alignleft size-full wp-image-43923\" src=\"https:\/\/infovera.com.ar\/web\/wp-content\/uploads\/2023\/05\/concejo-vera.jpg\" alt=\"\" width=\"1370\" height=\"765\" srcset=\"https:\/\/infovera.com.ar\/web\/wp-content\/uploads\/2023\/05\/concejo-vera.jpg 1370w, https:\/\/infovera.com.ar\/web\/wp-content\/uploads\/2023\/05\/concejo-vera-696x389.jpg 696w, https:\/\/infovera.com.ar\/web\/wp-content\/uploads\/2023\/05\/concejo-vera-1068x596.jpg 1068w, https:\/\/infovera.com.ar\/web\/wp-content\/uploads\/2023\/05\/concejo-vera-752x420.jpg 752w\" sizes=\"auto, (max-width: 1370px) 100vw, 1370px\" \/><\/a><\/p>\n<p><strong>Mensajes<\/strong><\/p>\n<p>El primero en hacer uso de la palabra fue el concejal Facundo Ferraris. En su participaci\u00f3n fustig\u00f3 la ausencia de funcionarios en las reuniones con los vecinos: &#8220;Era necesario contar con alguien del Ejecutivo para que explique c\u00f3mo est\u00e1n abordando el tema ambiental, qu\u00e9 se hizo desde 2019 hasta ahora, pero nada de eso pas\u00f3&#8221;, apunt\u00f3, y y pidi\u00f3 citar al responsable del \u00e1rea al recinto.<\/p>\n<p>Por su parte, la edil Eliana Tedini dijo que &#8220;los vecinos manifestaron que m\u00e1s all\u00e1 del basural no se puede estar del humo&#8221;.<\/p>\n<p>A su turno, el concejal oficialista Marcos Rubianes se\u00f1al\u00f3 que &#8220;buscar la soluci\u00f3n es necesario, pero una soluci\u00f3n de fondo va a necesitar de fondos que posiblemente el municipio no los disponga&#8221;.<\/p>\n<p>Inform\u00f3 que se gestionan fondos para el saneamiento de la cava y para el tratamiento de los residuos que &#8220;es un tema que nos convoca y nos preocupa&#8221;, y cont\u00f3 que se piensa en una cooperativa de trabajo para reciclaje, y remarc\u00f3 que &#8220;no lo va a resolver un gobierno de turno&#8221; al problema.<\/p>\n<p><strong>Urgente<\/strong><\/p>\n<p>Seguidamente, el jefe del bloque Sumemos Esfuerzos puntualiz\u00f3 que &#8220;lo urgente es que el humo t\u00f3xico del basural est\u00e1 atentando contra la salud de los verenses&#8221;. &#8220;Es la obligaci\u00f3n de actuar ante la urgencia que afecta a personas que viven en al zona norte de la ciudad principalmente. El Ejecutivo tiene que parar con el humo&#8221;, exhort\u00f3 Javier Barbona.<\/p>\n<p>Para cerrar, el concejal Reynaldo Fabbroni expuso que \u00b7se hab\u00eda avanzado bastante con el consorcio de residuos s\u00f3lidos urbanos&#8221;, y coincidi\u00f3 con las dem\u00e1s mociones de citar &#8220;al responsable pol\u00edtico de manejo de la cava para que nos cuente las acciones que est\u00e1n llevando a cabo&#8221;.<\/p>\n","protected":false},"excerpt":{"rendered":"<p>El humo que proviene del basural volvi\u00f3 a invadir la ciudad. Vecinos autoconvocados elevaron un reclamo al Concejo. La oposici\u00f3n inst\u00f3 al Ejecutivo a hacerse cargo de la problem\u00e1tica. La postura del oficialismo. Los concejales de Vera trataron en la sesi\u00f3n semanal un tema de candente actualidad, con vigencia de varios a\u00f1os hasta la fecha: [&hellip;]<\/p>\n","protected":false},"author":3,"featured_media":30322,"comment_status":"closed","ping_status":"closed","sticky":false,"template":"","format":"standard","meta":{"_joinchat":[],"footnotes":""},"categories":[53],"tags":[],"class_list":{"0":"post-43919","1":"post","2":"type-post","3":"status-publish","4":"format-standard","5":"has-post-thumbnail","7":"category-vera"},"_links":{"self":[{"href":"https:\/\/infovera.com.ar\/web\/wp-json\/wp\/v2\/posts\/43919","targetHints":{"allow":["GET"]}}],"collection":[{"href":"https:\/\/infovera.com.ar\/web\/wp-json\/wp\/v2\/posts"}],"about":[{"href":"https:\/\/infovera.com.ar\/web\/wp-json\/wp\/v2\/types\/post"}],"author":[{"embeddable":true,"href":"https:\/\/infovera.com.ar\/web\/wp-json\/wp\/v2\/users\/3"}],"replies":[{"embeddable":true,"href":"https:\/\/infovera.com.ar\/web\/wp-json\/wp\/v2\/comments?post=43919"}],"version-history":[{"count":0,"href":"https:\/\/infovera.com.ar\/web\/wp-json\/wp\/v2\/posts\/43919\/revisions"}],"wp:featuredmedia":[{"embeddable":true,"href":"https:\/\/infovera.com.ar\/web\/wp-json\/wp\/v2\/media\/30322"}],"wp:attachment":[{"href":"https:\/\/infovera.com.ar\/web\/wp-json\/wp\/v2\/media?parent=43919"}],"wp:term":[{"taxonomy":"category","embeddable":true,"href":"https:\/\/infovera.com.ar\/web\/wp-json\/wp\/v2\/categories?post=43919"},{"taxonomy":"post_tag","embeddable":true,"href":"https:\/\/infovera.com.ar\/web\/wp-json\/wp\/v2\/tags?post=43919"}],"curies":[{"name":"wp","href":"https:\/\/api.w.org\/{rel}","templated":true}]}}