{"id":43902,"date":"2023-05-09T18:43:51","date_gmt":"2023-05-09T21:43:51","guid":{"rendered":"https:\/\/infovera.com.ar\/web\/?p=43902"},"modified":"2023-05-09T18:43:51","modified_gmt":"2023-05-09T21:43:51","slug":"roberto-mirabella-estamos-cansados-del-saqueo-de-buenos-aires","status":"publish","type":"post","link":"https:\/\/infovera.com.ar\/web\/2023\/05\/09\/roberto-mirabella-estamos-cansados-del-saqueo-de-buenos-aires\/","title":{"rendered":"Roberto Mirabella: &#8220;estamos cansados del saqueo de Buenos Aires&#8221;"},"content":{"rendered":"<div dir=\"auto\">\u00a0\u201cEn 2019 se firmaron 20 puntos de compromiso del Gobierno Nacional con la provincia de Santa Fe y no se cumpli\u00f3 ninguno. No se cumpli\u00f3 la hidrov\u00eda, en seguridad nos escucharon en el \u00faltimo mes por lo que pas\u00f3 con el suegro de Messi y con el tema de la deuda hist\u00f3rica tuvieron que haber 6 resoluciones de la Corte Suprema para que la paguen\u201d, afirm\u00f3 el diputado nacional por Santa Fe, Roberto Mirabella, en la presentaci\u00f3n de su libro \u201cDefendamos Santa Fe\u201d en el club social de la ciudad de Villa Constituci\u00f3n, en la que estuvo acompa\u00f1ado por el intendente local, Jorge Berti.<\/div>\n<div dir=\"auto\"><\/div>\n<div dir=\"auto\">All\u00ed, el legislador sostuvo que \u201cestamos cansados del saqueo de Buenos Aires, se llevan lo que es nuestro y despu\u00e9s tenemos que mendigar que hagan una ruta, que vengan gendarmes o que construyan un acueducto, porque Santa Fe tiene asignado un presupuesto 22 veces menor que Capital Federal\u201d. Y agreg\u00f3: \u201cTodas las crisis empiezan en Plaza de Mayo y todas las soluciones las vienen a buscar al interior productivo\u201d.<\/div>\n<div dir=\"auto\"><\/div>\n<div dir=\"auto\">\u201cEl Estado Nacional concentra cada vez m\u00e1s recursos en detrimento de las provincias y los municipios de Argentina. Nosotros aportamos el 20% de las retenciones, que en 2022 fueron entre 1800 y 1900 millones de d\u00f3lares\u201d, detall\u00f3 Mirabella. Y destac\u00f3: \u201cHar\u00edamos much\u00edsimas cosas con esos recursos, pero se los lleva Buenos Aires, estamos en el mismo debate que ten\u00eda el Brigadier L\u00f3pez hace 200 a\u00f1os\u201d.<\/div>\n<div dir=\"auto\"><\/div>\n<div dir=\"auto\">\u201cEl modelo de desarrollo que necesita la Argentina est\u00e1 ac\u00e1, no lo encontramos en Buenos Aires. Estamos cansados de subsidiar para que alguien que vive en Recoleta pague m\u00e1s barata la luz, el gas, el agua, la nafta y el transporte p\u00fablico\u201d, resalt\u00f3 Mirabella. Y concluy\u00f3: \u201cDefender Santa Fe es defender ese modelo de desarrollo, Argentina no termina ni empieza en Buenos Aires, nosotros aportamos mucho como provincia, generamos mucha riqueza, pagamos muchos impuestos y de eso no vuelve nada\u201d.<\/div>\n<div dir=\"auto\"><\/div>\n<div dir=\"auto\">El evento cont\u00f3 adem\u00e1s con la presencia de presidentes comunales, funcionarios provinciales, autoridades locales, empresarios, representantes sindicales y p\u00fablico en general.<\/div>\n","protected":false},"excerpt":{"rendered":"<p>\u00a0\u201cEn 2019 se firmaron 20 puntos de compromiso del Gobierno Nacional con la provincia de Santa Fe y no se cumpli\u00f3 ninguno. No se cumpli\u00f3 la hidrov\u00eda, en seguridad nos escucharon en el \u00faltimo mes por lo que pas\u00f3 con el suegro de Messi y con el tema de la deuda hist\u00f3rica tuvieron que haber [&hellip;]<\/p>\n","protected":false},"author":3,"featured_media":43903,"comment_status":"closed","ping_status":"closed","sticky":false,"template":"","format":"standard","meta":{"_joinchat":[],"footnotes":""},"categories":[66],"tags":[],"class_list":{"0":"post-43902","1":"post","2":"type-post","3":"status-publish","4":"format-standard","5":"has-post-thumbnail","7":"category-politica"},"_links":{"self":[{"href":"https:\/\/infovera.com.ar\/web\/wp-json\/wp\/v2\/posts\/43902","targetHints":{"allow":["GET"]}}],"collection":[{"href":"https:\/\/infovera.com.ar\/web\/wp-json\/wp\/v2\/posts"}],"about":[{"href":"https:\/\/infovera.com.ar\/web\/wp-json\/wp\/v2\/types\/post"}],"author":[{"embeddable":true,"href":"https:\/\/infovera.com.ar\/web\/wp-json\/wp\/v2\/users\/3"}],"replies":[{"embeddable":true,"href":"https:\/\/infovera.com.ar\/web\/wp-json\/wp\/v2\/comments?post=43902"}],"version-history":[{"count":0,"href":"https:\/\/infovera.com.ar\/web\/wp-json\/wp\/v2\/posts\/43902\/revisions"}],"wp:featuredmedia":[{"embeddable":true,"href":"https:\/\/infovera.com.ar\/web\/wp-json\/wp\/v2\/media\/43903"}],"wp:attachment":[{"href":"https:\/\/infovera.com.ar\/web\/wp-json\/wp\/v2\/media?parent=43902"}],"wp:term":[{"taxonomy":"category","embeddable":true,"href":"https:\/\/infovera.com.ar\/web\/wp-json\/wp\/v2\/categories?post=43902"},{"taxonomy":"post_tag","embeddable":true,"href":"https:\/\/infovera.com.ar\/web\/wp-json\/wp\/v2\/tags?post=43902"}],"curies":[{"name":"wp","href":"https:\/\/api.w.org\/{rel}","templated":true}]}}