{"id":43891,"date":"2023-05-09T12:39:17","date_gmt":"2023-05-09T15:39:17","guid":{"rendered":"https:\/\/infovera.com.ar\/web\/?p=43891"},"modified":"2023-05-09T12:39:17","modified_gmt":"2023-05-09T15:39:17","slug":"prision-preventiva-sin-plazos-para-el-inspector-municipal-imputado-por-acosar-y-abusar-de-dos-empleadas","status":"publish","type":"post","link":"https:\/\/infovera.com.ar\/web\/2023\/05\/09\/prision-preventiva-sin-plazos-para-el-inspector-municipal-imputado-por-acosar-y-abusar-de-dos-empleadas\/","title":{"rendered":"Prisi\u00f3n preventiva sin plazos para el inspector municipal imputado por acosar y abusar de dos empleadas"},"content":{"rendered":"<p>En la ma\u00f1ana de este martes 9 de mayo, se desarroll\u00f3 la audiencia imputativa para Rolando Q., jefe del cuerpo de inspectores de la Municipalidad de Reconquista, en los Tribunales de la ciudad.<\/p>\n<p>El fiscal Dr. Alejandro Rodr\u00edguez, en representaci\u00f3n del MPA, llev\u00f3 a cabo la atribuci\u00f3n de los delitos de abusos sexuales agravados con acceso carnal y abuso sexual gravemente ultrajante.<\/p>\n<p>Luego, el juez penal Dr. Mauricio Martelossi decret\u00f3 la prisi\u00f3n preventiva sin plazos para quien tambi\u00e9n se desempe\u00f1ada como di\u00e1cono permamente de la di\u00f3cesis reconquistense. La defensa del imputado estuvo a cargo de los abogados Bianchini y Pagura.<\/p>\n<p>En el trabajo<\/p>\n<p>El funcionario fue detenido en la ma\u00f1ana del s\u00e1bado acusado de haber acosado y abusado sexualmente de dos compa\u00f1eras de trabajo. La detenci\u00f3n se produjo en el domicilio del sospechoso ubicado en calle Sarmiento y estuvo a cargo de personal policial especializado.<\/p>\n<p>La presuntas v\u00edctimas que denunciaron al funcionario RQ, de 58 a\u00f1os y con un puesto encumbrado en la Direcci\u00f3n Municipal de Tr\u00e1nsito, son PBL, de 37 a\u00f1os, y JAR, de 36 a\u00f1os.<\/p>\n<p>Los hechos expuestos por las agentes municipales fueron haber sido v\u00edctima de acoso sexual, y manoseos, por parte de RQ, quien adem\u00e1s la habr\u00eda obligado a que le practicara sexo oral; y haber sido v\u00edctima de acoso sexual y hostigamiento, respectivamente.<\/p>\n<p>Ambas refirieron que dichas situaciones se dieron en virtud del contexto laboral que comparten con el sindicado e instaron la acci\u00f3n penal.<\/p>\n<p>De carrera<\/p>\n<p>Desde el municipio local informaron que tal como lo establece el protocolo de estos casos se inici\u00f3 un sumario administrativo que va en paralelo a la investigaci\u00f3n que lleva adelante la justicia.<\/p>\n<p>En relaci\u00f3n al detenido, el secretario municipal de Control P\u00fablico, Nicol\u00e1s Sandrigo, afirm\u00f3 que \u00able pedimos que se corra y se hace la apertura de sumario. Que si bien es cierto que ya empiezan, hacen toda la preparaci\u00f3n, se prepara todo y ahora quedamos supeditados a lo que resuelva la justicia\u00bb.<\/p>\n<p>Asimismo, Sandrigo aclar\u00f3 que en este caso son todos empleados de planta permanente: el denunciado est\u00e1 hace casi 30 a\u00f1os en la municipalidad, una (presunta) v\u00edctima hace 15 a\u00f1os aproximadamente. \u00abAs\u00ed que estamos hablando de personal de carrera y de mucho tiempo como empleado. Uno queda sorprendido y espero es que se resuelva r\u00e1pido\u00bb, complet\u00f3.<\/p>\n","protected":false},"excerpt":{"rendered":"<p>En la ma\u00f1ana de este martes 9 de mayo, se desarroll\u00f3 la audiencia imputativa para Rolando Q., jefe del cuerpo de inspectores de la Municipalidad de Reconquista, en los Tribunales de la ciudad. El fiscal Dr. Alejandro Rodr\u00edguez, en representaci\u00f3n del MPA, llev\u00f3 a cabo la atribuci\u00f3n de los delitos de abusos sexuales agravados con [&hellip;]<\/p>\n","protected":false},"author":3,"featured_media":43892,"comment_status":"closed","ping_status":"closed","sticky":false,"template":"","format":"standard","meta":{"_joinchat":[],"footnotes":""},"categories":[55],"tags":[],"class_list":{"0":"post-43891","1":"post","2":"type-post","3":"status-publish","4":"format-standard","5":"has-post-thumbnail","7":"category-reconquista"},"_links":{"self":[{"href":"https:\/\/infovera.com.ar\/web\/wp-json\/wp\/v2\/posts\/43891","targetHints":{"allow":["GET"]}}],"collection":[{"href":"https:\/\/infovera.com.ar\/web\/wp-json\/wp\/v2\/posts"}],"about":[{"href":"https:\/\/infovera.com.ar\/web\/wp-json\/wp\/v2\/types\/post"}],"author":[{"embeddable":true,"href":"https:\/\/infovera.com.ar\/web\/wp-json\/wp\/v2\/users\/3"}],"replies":[{"embeddable":true,"href":"https:\/\/infovera.com.ar\/web\/wp-json\/wp\/v2\/comments?post=43891"}],"version-history":[{"count":0,"href":"https:\/\/infovera.com.ar\/web\/wp-json\/wp\/v2\/posts\/43891\/revisions"}],"wp:featuredmedia":[{"embeddable":true,"href":"https:\/\/infovera.com.ar\/web\/wp-json\/wp\/v2\/media\/43892"}],"wp:attachment":[{"href":"https:\/\/infovera.com.ar\/web\/wp-json\/wp\/v2\/media?parent=43891"}],"wp:term":[{"taxonomy":"category","embeddable":true,"href":"https:\/\/infovera.com.ar\/web\/wp-json\/wp\/v2\/categories?post=43891"},{"taxonomy":"post_tag","embeddable":true,"href":"https:\/\/infovera.com.ar\/web\/wp-json\/wp\/v2\/tags?post=43891"}],"curies":[{"name":"wp","href":"https:\/\/api.w.org\/{rel}","templated":true}]}}