{"id":43846,"date":"2023-05-08T08:29:25","date_gmt":"2023-05-08T11:29:25","guid":{"rendered":"https:\/\/infovera.com.ar\/web\/?p=43846"},"modified":"2023-05-08T08:29:25","modified_gmt":"2023-05-08T11:29:25","slug":"8-frentes-electorales-provinciales-se-presentaron-para-las-elecciones-en-santa-fe","status":"publish","type":"post","link":"https:\/\/infovera.com.ar\/web\/2023\/05\/08\/8-frentes-electorales-provinciales-se-presentaron-para-las-elecciones-en-santa-fe\/","title":{"rendered":"8 frentes electorales provinciales se presentaron para las elecciones en Santa Fe"},"content":{"rendered":"<p>Los principales partidos de la oposici\u00f3n competir\u00e1n a trav\u00e9s del frente Unidos para cambiar Santa Fe. En tanto, el Peronismo y sus aliados lo har\u00e1n bajo la denominaci\u00f3n de Unidos Avanzamos. Adem\u00e1s de los frentes con alcance provincial, se inscribieron otros tres con competencia distrital.<\/p>\n<p>Vencido el plazo para inscribir alianzas electorales ante el Tribunal Electoral de cara a los pr\u00f3ximos comicios, ocho fueron los frentes provinciales que se inscribieron en tanto que otros cuatro anotados tendr\u00e1n injerencia distrital y vecinal.<\/p>\n<p>La grilla cerr\u00f3 con dos grandes espacios pol\u00edticos que aglutinan, por un lado, a los principales partidos de la oposici\u00f3n; por el otro, al Justicialismo con sus aliados hist\u00f3ricos. Unidos para Cambiar Santa Fe se anot\u00f3 como la sumatoria del ex Frente Progresista m\u00e1s Juntos por el Cambio. De ese modo, bajo ese nombre competir\u00e1n UCR, PRO, PS, PDP, Unir, GEN, Encuentro Republicano Federal, Uced\u00e9, Frente para el Cambio, Creo, Unidos y UNO. Por otra parte, y bajo el nombre de Unidos Avancemos, se presentar\u00e1n los pre candidatos del peronismo, m\u00e1s El Frente Grande, Partido Solidario, Santafesino Cien por Ciento, Fe, Producci\u00f3n y Trabajo, Frente Renovador, Patria Grande, Progreso Social, Unidad Popular, Confluencia Santafesina y Compromiso Federal.<\/p>\n<p>Por fuera de esas dos grandes alianzas, se inscribieron otras seis en las que confluyen partidos minoritarios. All\u00ed se cuentan Frente Amplio por la Soberan\u00eda, integrado por Movimiento Libres del Sur, Del Trabajo y del Pueblo, Pol\u00edtica Abierta para la Integridad Social, Solidaridad e Igualdad (SI) y Participaci\u00f3n, Etica y Solidaridad (Pares). Contiene a Bases, una escisi\u00f3n del Partido Socialista entre cuyos dirigentes se encuentra la ex ministra de Educaci\u00f3n, Claudia Balagu\u00e9.<\/p>\n<p><strong>Otros frentes<\/strong><\/p>\n<p>Tambi\u00e9n se registr\u00f3 el frente Escucharte, compuesto por Partido Federal y Frente Federal de Acci\u00f3n Solidaria; la alianza Libre (Partido Autonomista y Uni\u00f3n Federal), el frente Primero Santa Fe (MID y Pais), y la alianza Viva la Libertad integrado por Vida y Familia, Inspirar, Partido Uni\u00f3n Celeste y Blanco y cinco partidos distritales.<\/p>\n<p>Finalmente, se inscribi\u00f3 el Frente de Izquierda y de los Trabajadores, compuesto por Movimiento Socialista de los Trabajadores, Izquierda por una Opci\u00f3n Socialista, el Partido Obrero y La Izquierda de los Trabajadores.<\/p>\n<p>El pr\u00f3ximo plazo trascendente del calendario electoral vencer\u00e1 el pr\u00f3ximo viernes y ser\u00e1 para la presentaci\u00f3n de las pre candidaturas de todas las categor\u00edas electorales que se renueven.<\/p>\n<p>Ivana Fux &#8211; El Litoral<\/p>\n","protected":false},"excerpt":{"rendered":"<p>Los principales partidos de la oposici\u00f3n competir\u00e1n a trav\u00e9s del frente Unidos para cambiar Santa Fe. En tanto, el Peronismo y sus aliados lo har\u00e1n bajo la denominaci\u00f3n de Unidos Avanzamos. Adem\u00e1s de los frentes con alcance provincial, se inscribieron otros tres con competencia distrital. Vencido el plazo para inscribir alianzas electorales ante el Tribunal [&hellip;]<\/p>\n","protected":false},"author":3,"featured_media":19037,"comment_status":"closed","ping_status":"closed","sticky":false,"template":"","format":"standard","meta":{"_joinchat":[],"footnotes":""},"categories":[66,60],"tags":[],"class_list":{"0":"post-43846","1":"post","2":"type-post","3":"status-publish","4":"format-standard","5":"has-post-thumbnail","7":"category-politica","8":"category-provinciales"},"_links":{"self":[{"href":"https:\/\/infovera.com.ar\/web\/wp-json\/wp\/v2\/posts\/43846","targetHints":{"allow":["GET"]}}],"collection":[{"href":"https:\/\/infovera.com.ar\/web\/wp-json\/wp\/v2\/posts"}],"about":[{"href":"https:\/\/infovera.com.ar\/web\/wp-json\/wp\/v2\/types\/post"}],"author":[{"embeddable":true,"href":"https:\/\/infovera.com.ar\/web\/wp-json\/wp\/v2\/users\/3"}],"replies":[{"embeddable":true,"href":"https:\/\/infovera.com.ar\/web\/wp-json\/wp\/v2\/comments?post=43846"}],"version-history":[{"count":0,"href":"https:\/\/infovera.com.ar\/web\/wp-json\/wp\/v2\/posts\/43846\/revisions"}],"wp:featuredmedia":[{"embeddable":true,"href":"https:\/\/infovera.com.ar\/web\/wp-json\/wp\/v2\/media\/19037"}],"wp:attachment":[{"href":"https:\/\/infovera.com.ar\/web\/wp-json\/wp\/v2\/media?parent=43846"}],"wp:term":[{"taxonomy":"category","embeddable":true,"href":"https:\/\/infovera.com.ar\/web\/wp-json\/wp\/v2\/categories?post=43846"},{"taxonomy":"post_tag","embeddable":true,"href":"https:\/\/infovera.com.ar\/web\/wp-json\/wp\/v2\/tags?post=43846"}],"curies":[{"name":"wp","href":"https:\/\/api.w.org\/{rel}","templated":true}]}}