{"id":43840,"date":"2023-05-08T08:00:28","date_gmt":"2023-05-08T11:00:28","guid":{"rendered":"https:\/\/infovera.com.ar\/web\/?p=43840"},"modified":"2023-05-08T08:00:28","modified_gmt":"2023-05-08T11:00:28","slug":"50-anos-despues","status":"publish","type":"post","link":"https:\/\/infovera.com.ar\/web\/2023\/05\/08\/50-anos-despues\/","title":{"rendered":"50 a\u00f1os despu\u00e9s&#8230;"},"content":{"rendered":"<p><strong>Aquel 22 de enero del 73, en Rosario, preguntamos c\u00f3mo llegar al Batall\u00f3n de Comunicaciones 121; nos tomamos el trole y a las 8 en punto traspasamos el port\u00f3n de acceso sobre calle Lamadrid.<\/strong><\/p>\n<p>Las elecciones se hab\u00edan anunciado para marzo y hubo que adelantar la incorporaci\u00f3n de la Clase 1952, que tendr\u00eda la hist\u00f3rica misi\u00f3n de custodiarlas y para ello los conscriptos deb\u00edan capacitarse en tediosas clases de \u201cInstrucci\u00f3n Electoral\u201d.<\/p>\n<p>Ingresamos todos juntos, pero m\u00e1s de un centenar fuimos separados del resto, hab\u00edamos sido seleccionados para integrar la Compa\u00f1\u00eda Polic\u00eda Militar 121, un grupo especial de soldados con funciones determinadas.<\/p>\n<p>Hubo dos elecciones, gan\u00f3 C\u00e1mpora, vino Per\u00f3n, Gan\u00f3 Per\u00f3n, mataron a Rucci, todo eso nos sorprendi\u00f3 haciendo guardias afuera, imaginarias en la cuadra, controles en las rutas de acceso o cuidando la quinta del Comandante del II Cuerpo de Ej\u00e9rcito.<\/p>\n<p>La vida en la PM era bastante rutinaria, pero a veces adquir\u00eda tonos muy divertidos con las ocurrencias de algunos \u201czumbos\u201d que hac\u00edan m\u00e1s llevaderas las \u201cranedas\u201d en la plaza de armas, la \u201crevista de equipo\u201d en la canchita, los exquisitos sanguches de mortadela en la Cantina -el d\u00eda de cobro- mientras mir\u00e1bamos \u201cLa Chona\u201d o el cl\u00e1sico de Roberto Gal\u00e1n \u201cSi lo sabe cante\u201d.<\/p>\n<p>As\u00ed pasaron los meses \u201cbajo Bandera\u201d, que empezaron con el riguroso per\u00edodo de instrucci\u00f3n inicial\u00a0 en el campito de Baigorria y culminaron con el per\u00edodo de maniobras en la estancia Santa Rosa, de Rold\u00e1n; habiendo pasado por los rutinarios patrullajes y controles de rutas que comenzaron a intensificarse por aquellos d\u00edas\u2026 para nosotros era algo parecido a una simple excursi\u00f3n, con tal de salir del cuartel, nuestra concentraci\u00f3n y la edad no nos permit\u00edan pensar otra cosa que no sea lo que nos hab\u00edan inculcado desde el primer d\u00eda de incorporaci\u00f3n, nadie estaba en condiciones de predecir el futuro y mucho menos adivinar lo que vino despu\u00e9s\u2026<\/p>\n<p>Por eso, salir de patrulla era un paseo, los s\u00e1bados a la Terminal Mariano Moreno para enganchar a los francos que sal\u00edan de joda vestidos de civil; pero lo que resultaba m\u00e1s complicado era cuando te sacaban a la madrugada vestido de combate a controlar rutas y revisar autos. Nadie nos lo puede contar.<\/p>\n<p>Entramos desconocidos y salimos como una familia en una amistad que a\u00fan perdura y se fortalece en cada reencuentro.<\/p>\n<p>Por eso, al cumplir 50 a\u00f1os de nuestra incorporaci\u00f3n, quisimos regresar y gracias a la predisposici\u00f3n de las autoridades a cargo del lugar, hoy convertido en \u201cPolo Tecnol\u00f3gico\u201d, lo pudimos recorrer, embargados por la emoci\u00f3n y la nostalgia.<\/p>\n<p>Volvimos a caminar la calle por donde ingresamos a nuestra Compa\u00f1\u00eda, a ver de afuera el edificio que nos alberg\u00f3 durante un a\u00f1o y la Plaza de Armas de la que solo queda el m\u00e1stil, al que cada ma\u00f1ana le cant\u00e1bamos \u201cAurora\u201d dedicado a la Bandera.<\/p>\n<p>Todo est\u00e1 muy cambiado y tambi\u00e9n nuestra visi\u00f3n de esa escenograf\u00eda que hoy se muestra deslucida y despojada de la solemnidad de entonces, cada espacio tiene un pedazo de recuerdo en la memoria colectiva del grupo.<\/p>\n<p>Si bien es cierto que el criterio de esa \u00e9poca ha cambiado, comprobamos con mucha tristeza como el tiempo fue arrancando a girones los testimonios de una historia que nos pertenec\u00eda a todos, pero que a pesar de ello y aunque haya transcurrido medio siglo, seguir\u00e1 estando presente en nuestro coraz\u00f3n que vuelve a temblar cada vez que escucha la \u201cCanci\u00f3n del Infante\u201d o cuando la consigna de \u201cSubordinaci\u00f3n y Valor!!! nos arrancaba el grito ahogado en l\u00e1grimas \u00a0de \u201cPara defender a la Patria\u201d.<\/p>\n<p>Los Soldados PM 121 dijimos presente! en una visita donde solo falt\u00f3 el cierre con el \u201cDiana de Gloria\u201d.<\/p>\n<p>Un agradecimiento especial a quienes la hicieron posible y facilitaron nuestra recorrida por el predio con absoluta libertad.<\/p>\n<p>Manuel Mudry<\/p>\n","protected":false},"excerpt":{"rendered":"<p>Aquel 22 de enero del 73, en Rosario, preguntamos c\u00f3mo llegar al Batall\u00f3n de Comunicaciones 121; nos tomamos el trole y a las 8 en punto traspasamos el port\u00f3n de acceso sobre calle Lamadrid. Las elecciones se hab\u00edan anunciado para marzo y hubo que adelantar la incorporaci\u00f3n de la Clase 1952, que tendr\u00eda la hist\u00f3rica [&hellip;]<\/p>\n","protected":false},"author":3,"featured_media":43841,"comment_status":"closed","ping_status":"closed","sticky":false,"template":"","format":"standard","meta":{"_joinchat":[],"footnotes":""},"categories":[53],"tags":[],"class_list":{"0":"post-43840","1":"post","2":"type-post","3":"status-publish","4":"format-standard","5":"has-post-thumbnail","7":"category-vera"},"_links":{"self":[{"href":"https:\/\/infovera.com.ar\/web\/wp-json\/wp\/v2\/posts\/43840","targetHints":{"allow":["GET"]}}],"collection":[{"href":"https:\/\/infovera.com.ar\/web\/wp-json\/wp\/v2\/posts"}],"about":[{"href":"https:\/\/infovera.com.ar\/web\/wp-json\/wp\/v2\/types\/post"}],"author":[{"embeddable":true,"href":"https:\/\/infovera.com.ar\/web\/wp-json\/wp\/v2\/users\/3"}],"replies":[{"embeddable":true,"href":"https:\/\/infovera.com.ar\/web\/wp-json\/wp\/v2\/comments?post=43840"}],"version-history":[{"count":0,"href":"https:\/\/infovera.com.ar\/web\/wp-json\/wp\/v2\/posts\/43840\/revisions"}],"wp:featuredmedia":[{"embeddable":true,"href":"https:\/\/infovera.com.ar\/web\/wp-json\/wp\/v2\/media\/43841"}],"wp:attachment":[{"href":"https:\/\/infovera.com.ar\/web\/wp-json\/wp\/v2\/media?parent=43840"}],"wp:term":[{"taxonomy":"category","embeddable":true,"href":"https:\/\/infovera.com.ar\/web\/wp-json\/wp\/v2\/categories?post=43840"},{"taxonomy":"post_tag","embeddable":true,"href":"https:\/\/infovera.com.ar\/web\/wp-json\/wp\/v2\/tags?post=43840"}],"curies":[{"name":"wp","href":"https:\/\/api.w.org\/{rel}","templated":true}]}}