{"id":43825,"date":"2023-05-06T09:34:34","date_gmt":"2023-05-06T12:34:34","guid":{"rendered":"https:\/\/infovera.com.ar\/web\/?p=43825"},"modified":"2023-05-08T19:00:50","modified_gmt":"2023-05-08T22:00:50","slug":"demoraron-a-un-menor-y-le-secuestraron-la-moto-por-conduccion-peligrosa","status":"publish","type":"post","link":"https:\/\/infovera.com.ar\/web\/2023\/05\/06\/demoraron-a-un-menor-y-le-secuestraron-la-moto-por-conduccion-peligrosa\/","title":{"rendered":"Demoraron a un menor y le secuestraron la moto por conducci\u00f3n peligrosa"},"content":{"rendered":"<p><strong>Personal policial de la Comisaria Primera, siendo las 12:30 del viernes y en circunstancias de encontrarse de encontrarse efectuando patrullajes por Ruta Provincial 3,<\/strong> divisaron una moto en intersecci\u00f3n con calle Allende Lezama que era guiada por un joven de 17 a\u00f1os.<\/p>\n<p>El menor, de 17 a\u00f1os, circulaba en direcci\u00f3n contraria, zigzagueando, por lo que los agentes del orden procedieron a detener su marcha e identificarlo. Carec\u00eda de documentaci\u00f3n que acredite propiedad del motoveh\u00edculo, una Zanella 150 cc, de color dorado y negro.<\/p>\n<p>Fue trasladado a sede policial como as\u00ed tambi\u00e9n en calidad de secuestro preventivo el birrodado por averiguaci\u00f3n de procedencia.<\/p>\n<p>Luego, fue entregado a un familiar quien qued\u00f3 bajo su guarda y responsabilidad.<\/p>\n<p>Personal de la Secci\u00f3n Automotores trabaja en la verificaci\u00f3n de la moto.<\/p>\n<p>Interviene el Juzgado de Menores de la ciudad de Reconquista.<\/p>\n","protected":false},"excerpt":{"rendered":"<p>Personal policial de la Comisaria Primera, siendo las 12:30 del viernes y en circunstancias de encontrarse de encontrarse efectuando patrullajes por Ruta Provincial 3, divisaron una moto en intersecci\u00f3n con calle Allende Lezama que era guiada por un joven de 17 a\u00f1os. El menor, de 17 a\u00f1os, circulaba en direcci\u00f3n contraria, zigzagueando, por lo que [&hellip;]<\/p>\n","protected":false},"author":3,"featured_media":22439,"comment_status":"closed","ping_status":"closed","sticky":false,"template":"","format":"standard","meta":{"_joinchat":[],"footnotes":""},"categories":[30,53],"tags":[],"class_list":{"0":"post-43825","1":"post","2":"type-post","3":"status-publish","4":"format-standard","5":"has-post-thumbnail","7":"category-policiales","8":"category-vera"},"_links":{"self":[{"href":"https:\/\/infovera.com.ar\/web\/wp-json\/wp\/v2\/posts\/43825","targetHints":{"allow":["GET"]}}],"collection":[{"href":"https:\/\/infovera.com.ar\/web\/wp-json\/wp\/v2\/posts"}],"about":[{"href":"https:\/\/infovera.com.ar\/web\/wp-json\/wp\/v2\/types\/post"}],"author":[{"embeddable":true,"href":"https:\/\/infovera.com.ar\/web\/wp-json\/wp\/v2\/users\/3"}],"replies":[{"embeddable":true,"href":"https:\/\/infovera.com.ar\/web\/wp-json\/wp\/v2\/comments?post=43825"}],"version-history":[{"count":0,"href":"https:\/\/infovera.com.ar\/web\/wp-json\/wp\/v2\/posts\/43825\/revisions"}],"wp:featuredmedia":[{"embeddable":true,"href":"https:\/\/infovera.com.ar\/web\/wp-json\/wp\/v2\/media\/22439"}],"wp:attachment":[{"href":"https:\/\/infovera.com.ar\/web\/wp-json\/wp\/v2\/media?parent=43825"}],"wp:term":[{"taxonomy":"category","embeddable":true,"href":"https:\/\/infovera.com.ar\/web\/wp-json\/wp\/v2\/categories?post=43825"},{"taxonomy":"post_tag","embeddable":true,"href":"https:\/\/infovera.com.ar\/web\/wp-json\/wp\/v2\/tags?post=43825"}],"curies":[{"name":"wp","href":"https:\/\/api.w.org\/{rel}","templated":true}]}}