{"id":43819,"date":"2023-05-06T11:16:38","date_gmt":"2023-05-06T14:16:38","guid":{"rendered":"https:\/\/infovera.com.ar\/web\/?p=43819"},"modified":"2023-05-09T14:17:29","modified_gmt":"2023-05-09T17:17:29","slug":"un-policia-de-fortin-olmos-fue-detenido-en-una-causa-por-robo-calificado-allanamiento-ilegal-abuso-de-autoridad-y-cohecho","status":"publish","type":"post","link":"https:\/\/infovera.com.ar\/web\/2023\/05\/06\/un-policia-de-fortin-olmos-fue-detenido-en-una-causa-por-robo-calificado-allanamiento-ilegal-abuso-de-autoridad-y-cohecho\/","title":{"rendered":"Un polic\u00eda de Fort\u00edn Olmos fue detenido en una causa por robo calificado, allanamiento ilegal, abuso de autoridad y cohecho"},"content":{"rendered":"<p><strong>El integrante de la fuerza de seguridad provincial cay\u00f3 junto a otros camaradas en Venado Tuerto. Era miembro del Comando Radioel\u00e9ctrico. Junto a otros tres unifirmados se lo investiga por delitos en el ejercicio de su funci\u00f3n p\u00fablica.<\/strong><\/p>\n<p>A los imputados se les atribuy\u00f3 un robo calificado, un allanamiento ilegal, abuso de autoridad y cohecho, entre otros il\u00edcitos. En el marco de la investigaci\u00f3n, ya fueron condenados otros dos uniformados y la investigaci\u00f3n contin\u00faa.<\/p>\n<p>Los allanamientos fueron realizados por la delegaci\u00f3n Zona Sur de la Agencia de Control Policial (ACP) con \u00f3rdenes del fiscal Eduardo Lago en la comisar\u00eda de la localidad de Santa Isabel donde fue arrestado el suboficial Jos\u00e9 Emanuel Britos (oriundo de Fort\u00edn Olmos) a quien se le secuestr\u00f3 su tel\u00e9fono celular y un rev\u00f3lver calibre 22 \u201cen mal estado de conservaci\u00f3n\u201d, seg\u00fan precisaron desde de la Agencia de Investigaci\u00f3n Criminal (AIC).<\/p>\n<p>Tambi\u00e9n se les dict\u00f3 prisi\u00f3n preventiva a estos cuatro suboficiales del Comando Radioel\u00e9ctrico de Venado Tuerto a los que se investiga por diversos delitos cometidos mientras ejerc\u00edan sus funciones. Los polic\u00edas tienen 30, 27, 25 y 23 a\u00f1os.<\/p>\n<p>Las medidas cautelares fueron impuestas por el juez de la Investigaci\u00f3n Penal Preparatoria (IPP), Adri\u00e1n Godoy, en una audiencia desarrollada en los tribunales venadenses.<\/p>\n<p>El fiscal Eduardo Lago est\u00e1 a cargo de la investigaci\u00f3n y es quien solicit\u00f3 que los imputados sean privados de su libertad. \u201cAunque los abogados defensores propusieron medidas alternativas, el magistrado las consider\u00f3 insuficientes para mitigar los riesgos procesales\u201d, sostuvo el funcionario del MPA.<\/p>\n<p><strong>Investigaci\u00f3n<\/strong><\/p>\n<p>Lago destac\u00f3 que \u201cse trata de una causa compleja en la que comenzamos a trabajar en julio del a\u00f1o pasado\u201d, y explic\u00f3 que \u201cpara llegar a las detenciones llevamos a cabo numerosas tareas investigativas que permitieron reunir un gran c\u00famulo de evidencias\u201d. Al respecto, remarc\u00f3 que \u201cel Organismo de Investigaciones (OI) realiz\u00f3 inteligencia criminal a trav\u00e9s de diferentes m\u00e9todos y herramientas\u201d, y valor\u00f3 \u201clos aportes de la Agencia de Control Policial\u201d.<\/p>\n<p>Asimismo, el fiscal se\u00f1al\u00f3 que \u201cya fueron condenados otros dos polic\u00edas que integraban el Comando Radioel\u00e9ctrico de Venado Tuerto por su participaci\u00f3n en los mismos hechos il\u00edcitos endilgados a los imputados\u201d. Por otro lado, Lago manifest\u00f3 que \u201cla investigaci\u00f3n contin\u00faa\u201d.<\/p>\n<p><strong>Dinero<\/strong><\/p>\n<p>El fiscal Lago refiri\u00f3 que \u201cel 11 de junio del a\u00f1o pasado, los cuatro polic\u00edas que quedaron en preventiva concretaron un robo mientras desempe\u00f1aban sus funciones a bordo de motos de la Polic\u00eda provincial\u201d.<\/p>\n<p>\u201cAlrededor las 20, los investigados interceptaron en la esquina de Vuelta de Obligado y 3 de Febrero a dos hombres que transitaban en una motocicleta, quienes frenaron la marcha al entender que se trataba de un control de rutina\u201d, explic\u00f3 el fiscal.<\/p>\n<p>\u201cLos imputados les exigieron a las v\u00edctimas informaci\u00f3n personal y del veh\u00edculo y les ordenaron colocar en el asiento de la moto todas las pertenencias que llevaban consigo\u201d, afirm\u00f3 Lago. \u201cMientras tanto, los uniformados convocaron a otros agentes que llegaron en dos motocicletas policiales\u201d, a\u00f1adi\u00f3.<\/p>\n<p>El funcionario del MPA hizo hincapi\u00e9 en que \u201cuna de las v\u00edctimas llevaba 40.000 pesos y, tras preguntarle violentamente por el origen del efectivo, los investigados le dijeron que deb\u00eda entreg\u00e1rselo\u201d. En tal sentido, asever\u00f3 que \u201camenazaron al hombre con incriminarlo por tener estupefacientes en su poder -lo cual no era as\u00ed-, aprehenderlo y secuestrar su moto\u201d.<\/p>\n<p>Lago precis\u00f3 que \u201caunque en principio los polic\u00edas quisieron apoderarse de los 40.000 pesos, finalmente aceptaron recibir 25.000\u201d, y resalt\u00f3 que \u201cinstruyeron a las v\u00edctimas sobre c\u00f3mo y d\u00f3nde ten\u00edan que dejar el dinero\u201d. Seg\u00fan aclar\u00f3, \u201clas personas amedrentadas cumplieron con el trato por temor a sufrir da\u00f1os mayores\u201d.<\/p>\n<p><strong>Allanamiento ilegal<\/strong><\/p>\n<p>Al d\u00eda siguiente, los cuatro imputados y los dos agentes condenados cometieron un nuevo il\u00edcito. \u201cAlrededor de las 6:00 de la ma\u00f1ana, y a partir de un acuerdo previo, los agentes simularon una persecuci\u00f3n policial a un joven menor de edad que pidi\u00f3 ayuda en una vivienda de calle Lisandro de la Torre al 1.800\u201d, relat\u00f3 Lago en la audiencia.<\/p>\n<p>El fiscal del MPA expuso que \u201cun hombre que vive en el lugar abri\u00f3 la puerta e inmediatamente ingresaron el adolescente y los cuatro investigados\u201d, y agreg\u00f3 que \u201clos dos condenados se quedaron en la vereda con el fin de procurar la impunidad del grupo\u201d.<\/p>\n<p>\u201cLos polic\u00edas amedrentaron a la v\u00edctima con sus armas de fuego reglamentarias y, sin orden de allanamiento ni raz\u00f3n urgente que lo justifique, revisaron el domicilio\u201d, narr\u00f3 el funcionario judicial. \u201cCuando los uniformados se encontraron con una mujer que reside all\u00ed, tambi\u00e9n la intimidaron\u201d, indic\u00f3.<\/p>\n<p>\u201cLuego de la conducta violenta, los imputados esposaron al joven menor de edad y se fueron sin confeccionar ning\u00fan acta ni requerir los datos personales de las v\u00edctimas\u201d, puntualiz\u00f3.<\/p>\n<p><strong>Calificaciones penales<\/strong><\/p>\n<p>A los cuatro polic\u00edas se les atribuy\u00f3 la coautor\u00eda de allanamiento ilegal, abuso de autoridad e incumplimiento de los deberes de funcionario p\u00fablico agravado (por la participaci\u00f3n de un menor de edad y por el uso de arma de fuego).<\/p>\n<p>Tambi\u00e9n se los investiga como coautores de robo agravado (por haber sido cometido por integrantes de la fuerza policial en ejercicio de sus funciones, en poblado y en banda), amenazas coactivas agravadas (por el uso de arma) y cohecho.<\/p>\n<p>Por su parte, al imputado de iniciales JEB se le endilg\u00f3 la tenencia ileg\u00edtima de un arma de fuego de uso civil, por haber tenido un rev\u00f3lver sin la debida autorizaci\u00f3n legal.<\/p>\n<p><strong>Condenados<\/strong><\/p>\n<p>En relaci\u00f3n a los dos polic\u00edas condenados, se les impusieron penas de tres a\u00f1os de prisi\u00f3n de ejecuci\u00f3n efectiva y de dos a\u00f1os de prisi\u00f3n de cumplimiento condicional, respectivamente. Adem\u00e1s, ambos fueron inhabilitados para ejercer cargos p\u00fablicos.<\/p>\n<p>Las condenas fueron resueltas en el marco de juicios abreviados desarrollados en los tribunales de Venado Tuerto. En tal sentido, los dos uniformados reconocieron su responsabilidad penal como part\u00edcipes secundarios de allanamiento ilegal, abuso de autoridad e incumplimiento de los deberes de funcionario p\u00fablico agravado (porque particip\u00f3 un menor de edad y por el uso de arma de fuego).<\/p>\n<p>Asimismo, uno de ellos admiti\u00f3 su responsabilidad por falsificaci\u00f3n ideol\u00f3gica de documentos p\u00fablicos y tenencia ileg\u00edtima de arma de fuego de uso civil; y el otro por encubrimiento agravado.<\/p>\n","protected":false},"excerpt":{"rendered":"<p>El integrante de la fuerza de seguridad provincial cay\u00f3 junto a otros camaradas en Venado Tuerto. Era miembro del Comando Radioel\u00e9ctrico. Junto a otros tres unifirmados se lo investiga por delitos en el ejercicio de su funci\u00f3n p\u00fablica. A los imputados se les atribuy\u00f3 un robo calificado, un allanamiento ilegal, abuso de autoridad y cohecho, [&hellip;]<\/p>\n","protected":false},"author":3,"featured_media":43820,"comment_status":"closed","ping_status":"closed","sticky":false,"template":"","format":"standard","meta":{"_joinchat":[],"footnotes":""},"categories":[30,60],"tags":[],"class_list":{"0":"post-43819","1":"post","2":"type-post","3":"status-publish","4":"format-standard","5":"has-post-thumbnail","7":"category-policiales","8":"category-provinciales"},"_links":{"self":[{"href":"https:\/\/infovera.com.ar\/web\/wp-json\/wp\/v2\/posts\/43819","targetHints":{"allow":["GET"]}}],"collection":[{"href":"https:\/\/infovera.com.ar\/web\/wp-json\/wp\/v2\/posts"}],"about":[{"href":"https:\/\/infovera.com.ar\/web\/wp-json\/wp\/v2\/types\/post"}],"author":[{"embeddable":true,"href":"https:\/\/infovera.com.ar\/web\/wp-json\/wp\/v2\/users\/3"}],"replies":[{"embeddable":true,"href":"https:\/\/infovera.com.ar\/web\/wp-json\/wp\/v2\/comments?post=43819"}],"version-history":[{"count":0,"href":"https:\/\/infovera.com.ar\/web\/wp-json\/wp\/v2\/posts\/43819\/revisions"}],"wp:featuredmedia":[{"embeddable":true,"href":"https:\/\/infovera.com.ar\/web\/wp-json\/wp\/v2\/media\/43820"}],"wp:attachment":[{"href":"https:\/\/infovera.com.ar\/web\/wp-json\/wp\/v2\/media?parent=43819"}],"wp:term":[{"taxonomy":"category","embeddable":true,"href":"https:\/\/infovera.com.ar\/web\/wp-json\/wp\/v2\/categories?post=43819"},{"taxonomy":"post_tag","embeddable":true,"href":"https:\/\/infovera.com.ar\/web\/wp-json\/wp\/v2\/tags?post=43819"}],"curies":[{"name":"wp","href":"https:\/\/api.w.org\/{rel}","templated":true}]}}