{"id":43807,"date":"2023-05-04T18:38:36","date_gmt":"2023-05-04T21:38:36","guid":{"rendered":"https:\/\/infovera.com.ar\/web\/?p=43807"},"modified":"2023-05-05T19:35:05","modified_gmt":"2023-05-05T22:35:05","slug":"buscan-a-una-adolescente-que-no-regreso-a-su-hogar-en-vera","status":"publish","type":"post","link":"https:\/\/infovera.com.ar\/web\/2023\/05\/04\/buscan-a-una-adolescente-que-no-regreso-a-su-hogar-en-vera\/","title":{"rendered":"Buscan a una adolescente que no regres\u00f3 a su hogar en Vera"},"content":{"rendered":"<p>Personal policial de la Comisar\u00eda Primera de Vera difundi\u00f3 un pedido de paradero.<\/p>\n<p>A ra\u00edz de la denuncia realizada por la madre de Micaela Ail\u00e9n Soto, de 15 a\u00f1os, la polic\u00eda lanz\u00f3 la b\u00fasqueda de la adolescente que se ausent\u00f3 de su hogar en Vera el d\u00eda mi\u00e9rcoles 3 de mayo en horas de la noche.<\/p>\n<p>Sus caracter\u00edsticas: contextura delgada, tez trigue\u00f1a, pelo corto al hombro de color negro, de 1.60 mts aproximadamente de estatura, no posee aros, ni tatuajes, vest\u00eda un buzo color rosa claro, una calza color negro a rayas de color blanc\u00f3 a los costados, y zapatillas de color blanco de cuerina.<\/p>\n<p>No llevaba \u00a0dinero y\/o documentaci\u00f3n, como as\u00ed tampoco prendas de vestir.<\/p>\n<p>La madre autoriz\u00f3 la difusi\u00f3n fotogr\u00e1fica de la menor; ante informaci\u00f3n al respecto llamar a los tel\u00e9fonos 03483- 420004 y\/o\u00a0 101\/911, comisar\u00eda m\u00e1s cercana.<\/p>\n<p>La menor ya hab\u00eda estado ausente de su domicilio el 24 de abril de este a\u00f1o.<\/p>\n<p>Interviene UFI Nro 4- Vera.-<\/p>\n","protected":false},"excerpt":{"rendered":"<p>Personal policial de la Comisar\u00eda Primera de Vera difundi\u00f3 un pedido de paradero. A ra\u00edz de la denuncia realizada por la madre de Micaela Ail\u00e9n Soto, de 15 a\u00f1os, la polic\u00eda lanz\u00f3 la b\u00fasqueda de la adolescente que se ausent\u00f3 de su hogar en Vera el d\u00eda mi\u00e9rcoles 3 de mayo en horas de la [&hellip;]<\/p>\n","protected":false},"author":3,"featured_media":43808,"comment_status":"closed","ping_status":"closed","sticky":false,"template":"","format":"standard","meta":{"_joinchat":[],"footnotes":""},"categories":[1],"tags":[],"class_list":{"0":"post-43807","1":"post","2":"type-post","3":"status-publish","4":"format-standard","5":"has-post-thumbnail","7":"category-sin-categoria"},"_links":{"self":[{"href":"https:\/\/infovera.com.ar\/web\/wp-json\/wp\/v2\/posts\/43807","targetHints":{"allow":["GET"]}}],"collection":[{"href":"https:\/\/infovera.com.ar\/web\/wp-json\/wp\/v2\/posts"}],"about":[{"href":"https:\/\/infovera.com.ar\/web\/wp-json\/wp\/v2\/types\/post"}],"author":[{"embeddable":true,"href":"https:\/\/infovera.com.ar\/web\/wp-json\/wp\/v2\/users\/3"}],"replies":[{"embeddable":true,"href":"https:\/\/infovera.com.ar\/web\/wp-json\/wp\/v2\/comments?post=43807"}],"version-history":[{"count":0,"href":"https:\/\/infovera.com.ar\/web\/wp-json\/wp\/v2\/posts\/43807\/revisions"}],"wp:featuredmedia":[{"embeddable":true,"href":"https:\/\/infovera.com.ar\/web\/wp-json\/wp\/v2\/media\/43808"}],"wp:attachment":[{"href":"https:\/\/infovera.com.ar\/web\/wp-json\/wp\/v2\/media?parent=43807"}],"wp:term":[{"taxonomy":"category","embeddable":true,"href":"https:\/\/infovera.com.ar\/web\/wp-json\/wp\/v2\/categories?post=43807"},{"taxonomy":"post_tag","embeddable":true,"href":"https:\/\/infovera.com.ar\/web\/wp-json\/wp\/v2\/tags?post=43807"}],"curies":[{"name":"wp","href":"https:\/\/api.w.org\/{rel}","templated":true}]}}