{"id":43758,"date":"2023-05-02T13:36:36","date_gmt":"2023-05-02T16:36:36","guid":{"rendered":"https:\/\/infovera.com.ar\/web\/?p=43758"},"modified":"2023-05-02T13:36:36","modified_gmt":"2023-05-02T16:36:36","slug":"linea-102-una-herramienta-que-protege-los-derechos-de-ninos-ninas-y-adolescentes","status":"publish","type":"post","link":"https:\/\/infovera.com.ar\/web\/2023\/05\/02\/linea-102-una-herramienta-que-protege-los-derechos-de-ninos-ninas-y-adolescentes\/","title":{"rendered":"L\u00ednea 102: una herramienta que protege los derechos de ni\u00f1os, ni\u00f1as y adolescentes"},"content":{"rendered":"<p>El gobierno de la provincia, a trav\u00e9s del Ministerio de Desarrollo Social y la Secretar\u00eda de los Derechos de la Ni\u00f1ez, Adolescencia y Familia, destac\u00f3 la importancia del servicio de la L\u00ednea 102 de atenci\u00f3n a chicas, chicos y adolescentes.<\/p>\n<p>\u201cLa l\u00ednea de los chicos y las chicas\u201d es un servicio telef\u00f3nico especializado, gratuito y confidencial del Sistema de Protecci\u00f3n Integral de Derechos, que coordina y articula las pol\u00edticas p\u00fablicas locales, provinciales y\/o nacionales, para la restituci\u00f3n o cumplimiento del derecho vulnerado o necesidad manifestada por ni\u00f1as, ni\u00f1os o adolescentes.<\/p>\n<p>Funciona como una herramienta de prevenci\u00f3n, promoci\u00f3n, difusi\u00f3n y protecci\u00f3n de los derechos de las infancias y adolescencias. Tiene por objetivo brindar atenci\u00f3n a ni\u00f1as, ni\u00f1os y adolescentes con el fin de escuchar, contener, o derivar en los casos que sea necesario, para acercar las pol\u00edticas p\u00fablicas existentes que le permitan a este sector de la poblaci\u00f3n el acceso a sus derechos.<\/p>\n<p>&nbsp;<\/p>\n<p><strong>Los n\u00fameros y motivos de las consultas<\/strong><\/p>\n<p>Desde que comenz\u00f3 a funcionar la l\u00ednea en la provincia de Santa Fe, en septiembre de 2021, el equipo recibi\u00f3 1.483 llamadas, de las cuales el 70% tienen que ver con alg\u00fan tipo de maltrato f\u00edsico, abuso sexual infantil y negligencia, entre otras. Tambi\u00e9n se recibieron consultas sobre orientaci\u00f3n legal.<\/p>\n<p>Entre los motivos que m\u00e1s se destacan, 287 fueron por denuncias por maltrato f\u00edsico, 334 por consultas legales, 169 relacionados a temas de negligencia, mientras que se recibieron 123 consultas relacionadas con abuso sexual infantil y 74 por maltrato psicol\u00f3gico o emocional.<\/p>\n<p>En cuanto al origen geogr\u00e1fico, se recibieron llamados de 111 localidades de la provincia. A su vez, se realizaron articulaciones con otras provincias donde tambi\u00e9n funciona la l\u00ednea y con la L\u00ednea 144, n\u00famero asignado para la atenci\u00f3n, contenci\u00f3n y asesoramiento en situaciones de violencia de g\u00e9nero, en situaciones que involucraban a ni\u00f1as, ni\u00f1os y adolescentes.<\/p>\n<p>En la recepci\u00f3n de los llamados, un equipo de profesionales especialmente capacitados, lleva adelante el funcionamiento de la l\u00ednea brindando atenci\u00f3n o derivaci\u00f3n. Actualmente, est\u00e1 conformado por cinco operadoras, dos profesionales que realizan tareas administrativas y soporte t\u00e9cnico, y dos personas que coordinan el espacio. El horario de atenci\u00f3n es de 7 a 19, de lunes a viernes. La l\u00ednea funciona tambi\u00e9n los d\u00edas feriados en los mismos horarios.<\/p>\n<p>&nbsp;<\/p>\n<p><strong>En todos los rincones de la provincia<\/strong><\/p>\n<p>Para la segunda etapa de implementaci\u00f3n, que comienza luego de este primer a\u00f1o y medio de puesta en marcha, se prev\u00e9 el fortalecimiento de la l\u00ednea a trav\u00e9s de campa\u00f1as de difusi\u00f3n y apropiaci\u00f3n por parte de las ni\u00f1as, ni\u00f1os y adolescentes, en trabajo articulado con todas las instituciones, tanto p\u00fablicas y privadas, como de la sociedad civil, para que la informaci\u00f3n llegue a todos los rincones de la provincia.<\/p>\n<p>Al respecto, el ministro de Desarrollo Social, Danilo Capitani, manifest\u00f3 que \u201cdebemos destacar la importancia de esta iniciativa que ya funciona en todo el pa\u00eds, y que significa una herramienta fundamental para garantizar m\u00e1s derechos para las chicas y los chicos, y que posibilita un acompa\u00f1amiento y escucha de quienes transitan situaciones conflictivas\u201d.<\/p>\n<p>Por su parte, la secretaria de los Derechos de la Ni\u00f1ez, Adolescencia y Familia, Patricia Chialvo, record\u00f3 que \u201cla propuesta fue generada por la Secretar\u00eda Nacional de Ni\u00f1ez, Adolescencia y Familia en el a\u00f1o 2009 y se fue provincializando con el tiempo. Hoy, a m\u00e1s de un a\u00f1o y medio de su puesta en marcha, nos enorgullece que la gesti\u00f3n provincial haya tomado la decisi\u00f3n de que Santa Fe cuente con una l\u00ednea gratuita para ni\u00f1os, ni\u00f1as y adolescentes\u201d.<\/p>\n<p>&nbsp;<\/p>\n<p><strong>Con alcance nacional<\/strong><\/p>\n<p>La L\u00ednea 102 tiene alcance nacional, funciona en todo el pa\u00eds, y est\u00e1 operada por equipos especializados de cada provincia. La Secretar\u00eda Nacional de Ni\u00f1ez, Adolescencia y Familia (SENAF) acompa\u00f1a a los organismos provinciales en su implementaci\u00f3n, adecuaci\u00f3n y fortalecimiento.<\/p>\n<p>Adem\u00e1s, capacita a los equipos de trabajo, brinda acompa\u00f1amiento t\u00e9cnico y financiero, monitorea su funcionamiento, sistematiza la informaci\u00f3n de los llamados y facilita la articulaci\u00f3n institucional.<\/p>\n","protected":false},"excerpt":{"rendered":"<p>El gobierno de la provincia, a trav\u00e9s del Ministerio de Desarrollo Social y la Secretar\u00eda de los Derechos de la Ni\u00f1ez, Adolescencia y Familia, destac\u00f3 la importancia del servicio de la L\u00ednea 102 de atenci\u00f3n a chicas, chicos y adolescentes. \u201cLa l\u00ednea de los chicos y las chicas\u201d es un servicio telef\u00f3nico especializado, gratuito y [&hellip;]<\/p>\n","protected":false},"author":3,"featured_media":43759,"comment_status":"closed","ping_status":"closed","sticky":false,"template":"","format":"standard","meta":{"_joinchat":[],"footnotes":""},"categories":[60],"tags":[],"class_list":{"0":"post-43758","1":"post","2":"type-post","3":"status-publish","4":"format-standard","5":"has-post-thumbnail","7":"category-provinciales"},"_links":{"self":[{"href":"https:\/\/infovera.com.ar\/web\/wp-json\/wp\/v2\/posts\/43758","targetHints":{"allow":["GET"]}}],"collection":[{"href":"https:\/\/infovera.com.ar\/web\/wp-json\/wp\/v2\/posts"}],"about":[{"href":"https:\/\/infovera.com.ar\/web\/wp-json\/wp\/v2\/types\/post"}],"author":[{"embeddable":true,"href":"https:\/\/infovera.com.ar\/web\/wp-json\/wp\/v2\/users\/3"}],"replies":[{"embeddable":true,"href":"https:\/\/infovera.com.ar\/web\/wp-json\/wp\/v2\/comments?post=43758"}],"version-history":[{"count":0,"href":"https:\/\/infovera.com.ar\/web\/wp-json\/wp\/v2\/posts\/43758\/revisions"}],"wp:featuredmedia":[{"embeddable":true,"href":"https:\/\/infovera.com.ar\/web\/wp-json\/wp\/v2\/media\/43759"}],"wp:attachment":[{"href":"https:\/\/infovera.com.ar\/web\/wp-json\/wp\/v2\/media?parent=43758"}],"wp:term":[{"taxonomy":"category","embeddable":true,"href":"https:\/\/infovera.com.ar\/web\/wp-json\/wp\/v2\/categories?post=43758"},{"taxonomy":"post_tag","embeddable":true,"href":"https:\/\/infovera.com.ar\/web\/wp-json\/wp\/v2\/tags?post=43758"}],"curies":[{"name":"wp","href":"https:\/\/api.w.org\/{rel}","templated":true}]}}