{"id":43748,"date":"2023-05-01T18:08:50","date_gmt":"2023-05-01T21:08:50","guid":{"rendered":"https:\/\/infovera.com.ar\/web\/?p=43748"},"modified":"2023-05-01T19:11:53","modified_gmt":"2023-05-01T22:11:53","slug":"asoem-salud-a-empleados-municipales-en-el-dia-de-trabajador","status":"publish","type":"post","link":"https:\/\/infovera.com.ar\/web\/2023\/05\/01\/asoem-salud-a-empleados-municipales-en-el-dia-de-trabajador\/","title":{"rendered":"Asoem Calchaqu\u00ed saluda a municipales en el D\u00eda de Trabajador"},"content":{"rendered":"<div class=\"x11i5rnm xat24cr x1mh8g0r x1vvkbs xtlvy1s x126k92a\">\n<div dir=\"auto\">A todos los que ponen cuerpo y alma en la construcci\u00f3n de un mundo mejor desde el trabajo&#8230;<\/div>\n<div dir=\"auto\"><\/div>\n<div dir=\"auto\">Desde la Asociaci\u00f3n de Empleados Municipales de Calchaqu\u00ed, hacemos llegar nuestros saludos a los compa\u00f1eros y compa\u00f1eras de trabajadores en su d\u00eda, de Calchaqu\u00ed, Margarita, Pedro G\u00f3mez Cello, Vera y Pintado y La Gallareta.<\/div>\n<\/div>\n<div dir=\"auto\"><\/div>\n<div dir=\"auto\">Asoem Calchaqu\u00ed<\/div>\n","protected":false},"excerpt":{"rendered":"<p>A todos los que ponen cuerpo y alma en la construcci\u00f3n de un mundo mejor desde el trabajo&#8230; Desde la Asociaci\u00f3n de Empleados Municipales de Calchaqu\u00ed, hacemos llegar nuestros saludos a los compa\u00f1eros y compa\u00f1eras de trabajadores en su d\u00eda, de Calchaqu\u00ed, Margarita, Pedro G\u00f3mez Cello, Vera y Pintado y La Gallareta. Asoem Calchaqu\u00ed<\/p>\n","protected":false},"author":3,"featured_media":43749,"comment_status":"closed","ping_status":"closed","sticky":false,"template":"","format":"standard","meta":{"_joinchat":[],"footnotes":""},"categories":[56],"tags":[],"class_list":{"0":"post-43748","1":"post","2":"type-post","3":"status-publish","4":"format-standard","5":"has-post-thumbnail","7":"category-destacados"},"_links":{"self":[{"href":"https:\/\/infovera.com.ar\/web\/wp-json\/wp\/v2\/posts\/43748","targetHints":{"allow":["GET"]}}],"collection":[{"href":"https:\/\/infovera.com.ar\/web\/wp-json\/wp\/v2\/posts"}],"about":[{"href":"https:\/\/infovera.com.ar\/web\/wp-json\/wp\/v2\/types\/post"}],"author":[{"embeddable":true,"href":"https:\/\/infovera.com.ar\/web\/wp-json\/wp\/v2\/users\/3"}],"replies":[{"embeddable":true,"href":"https:\/\/infovera.com.ar\/web\/wp-json\/wp\/v2\/comments?post=43748"}],"version-history":[{"count":0,"href":"https:\/\/infovera.com.ar\/web\/wp-json\/wp\/v2\/posts\/43748\/revisions"}],"wp:featuredmedia":[{"embeddable":true,"href":"https:\/\/infovera.com.ar\/web\/wp-json\/wp\/v2\/media\/43749"}],"wp:attachment":[{"href":"https:\/\/infovera.com.ar\/web\/wp-json\/wp\/v2\/media?parent=43748"}],"wp:term":[{"taxonomy":"category","embeddable":true,"href":"https:\/\/infovera.com.ar\/web\/wp-json\/wp\/v2\/categories?post=43748"},{"taxonomy":"post_tag","embeddable":true,"href":"https:\/\/infovera.com.ar\/web\/wp-json\/wp\/v2\/tags?post=43748"}],"curies":[{"name":"wp","href":"https:\/\/api.w.org\/{rel}","templated":true}]}}