{"id":43730,"date":"2023-04-30T21:24:49","date_gmt":"2023-05-01T00:24:49","guid":{"rendered":"https:\/\/infovera.com.ar\/web\/?p=43730"},"modified":"2023-05-01T14:11:40","modified_gmt":"2023-05-01T17:11:40","slug":"retuvieron-el-auto-a-un-verense-en-la-ruta-a-puerto-reconquista","status":"publish","type":"post","link":"https:\/\/infovera.com.ar\/web\/2023\/04\/30\/retuvieron-el-auto-a-un-verense-en-la-ruta-a-puerto-reconquista\/","title":{"rendered":"Retuvieron el auto a un verense en la ruta a Puerto Reconquista"},"content":{"rendered":"<p><strong>Averiguaci\u00f3n de procedencia por adulteraci\u00f3n de guarismo.<\/strong><\/p>\n<p>A las s 17:40 del domingo la Brigada Operativa Recoquista de Seguridad Vial que realizaba un control en el kil\u00f3metro 7,8 de la ruta al puerto detuvo detiene en lugar seguro para su fiscalizaci\u00f3n a un auto\u00a0 conducido por Marcelo Nicol\u00e1s A, domiciliado en Vera.<\/p>\n<p>Una vez corroborada la totalidad de la documentacion, el hombre manifest\u00f3 a viva voz y en estado de nerviosismo que nunca realiz\u00f3 la verificaci\u00f3n del veh\u00edculo.<\/p>\n<p>Por lo que los uniformados procedieron a inspeccionar el n\u00famero de motor y chasis, y a simple vista constataron que no coincid\u00edan los mismos.<\/p>\n<p>Seguidamente, dieron conocimiento de los pormenores al fiscal en turno, quien dispuso que se proceda al secuestro preventivo del rodado y al sujeto, en estado de libertad, conducirlo hacia la Comisar\u00eda 2da. de Reconquista para continuar las diligencias de rigor.<\/p>\n","protected":false},"excerpt":{"rendered":"<p>Averiguaci\u00f3n de procedencia por adulteraci\u00f3n de guarismo. A las s 17:40 del domingo la Brigada Operativa Recoquista de Seguridad Vial que realizaba un control en el kil\u00f3metro 7,8 de la ruta al puerto detuvo detiene en lugar seguro para su fiscalizaci\u00f3n a un auto\u00a0 conducido por Marcelo Nicol\u00e1s A, domiciliado en Vera. Una vez corroborada [&hellip;]<\/p>\n","protected":false},"author":3,"featured_media":43731,"comment_status":"closed","ping_status":"closed","sticky":false,"template":"","format":"standard","meta":{"_joinchat":[],"footnotes":""},"categories":[56],"tags":[],"class_list":{"0":"post-43730","1":"post","2":"type-post","3":"status-publish","4":"format-standard","5":"has-post-thumbnail","7":"category-destacados"},"_links":{"self":[{"href":"https:\/\/infovera.com.ar\/web\/wp-json\/wp\/v2\/posts\/43730","targetHints":{"allow":["GET"]}}],"collection":[{"href":"https:\/\/infovera.com.ar\/web\/wp-json\/wp\/v2\/posts"}],"about":[{"href":"https:\/\/infovera.com.ar\/web\/wp-json\/wp\/v2\/types\/post"}],"author":[{"embeddable":true,"href":"https:\/\/infovera.com.ar\/web\/wp-json\/wp\/v2\/users\/3"}],"replies":[{"embeddable":true,"href":"https:\/\/infovera.com.ar\/web\/wp-json\/wp\/v2\/comments?post=43730"}],"version-history":[{"count":0,"href":"https:\/\/infovera.com.ar\/web\/wp-json\/wp\/v2\/posts\/43730\/revisions"}],"wp:featuredmedia":[{"embeddable":true,"href":"https:\/\/infovera.com.ar\/web\/wp-json\/wp\/v2\/media\/43731"}],"wp:attachment":[{"href":"https:\/\/infovera.com.ar\/web\/wp-json\/wp\/v2\/media?parent=43730"}],"wp:term":[{"taxonomy":"category","embeddable":true,"href":"https:\/\/infovera.com.ar\/web\/wp-json\/wp\/v2\/categories?post=43730"},{"taxonomy":"post_tag","embeddable":true,"href":"https:\/\/infovera.com.ar\/web\/wp-json\/wp\/v2\/tags?post=43730"}],"curies":[{"name":"wp","href":"https:\/\/api.w.org\/{rel}","templated":true}]}}