{"id":43717,"date":"2023-04-30T18:04:48","date_gmt":"2023-04-30T21:04:48","guid":{"rendered":"https:\/\/infovera.com.ar\/web\/?p=43717"},"modified":"2023-05-02T07:45:29","modified_gmt":"2023-05-02T10:45:29","slug":"pescadores-de-malabrigo-se-coronaron-campeones-mundiales-de-pesca-en-goya","status":"publish","type":"post","link":"https:\/\/infovera.com.ar\/web\/2023\/04\/30\/pescadores-de-malabrigo-se-coronaron-campeones-mundiales-de-pesca-en-goya\/","title":{"rendered":"Un equipo de Malabrigo se coron\u00f3 campe\u00f3n mundial de pesca en Goya"},"content":{"rendered":"<p><strong>Despu\u00e9s de una jornada nocturna de pesca se anunci\u00f3 este domingo a los ganadores de la competencia de categor\u00eda mundial. Participaron 1.157 embarcaciones y m\u00e1s de 3.000 pescadores. Un participante de Reconquista muri\u00f3 de un infarto durante el certamen.<\/strong><\/p>\n<p>En conferencia de prensa y durante el acto de cierre de la 46\u00aa Edici\u00f3n de la Fiesta Nacional del Surub\u00ed de Goya, Corrientes, se dio a conocer a los ganadores, no sin antes destacar el marco de \u00e9xito que represent\u00f3 este certamen, los potenciales que representan para pr\u00f3ximos a\u00f1os y el profundo agradecimiento a los pescadores por participar, por venir, por no querer perderse esta fiesta.<\/p>\n<p>En cuanto a la categor\u00eda de cantidad de piezas, el premio se lo llev\u00f3 el equipo Agust\u00edn 19 de la Pe\u00f1a \u00abChaque la Espina\u00bb de Malabrigo, conformado por Ricardo Spont\u00f3n, Magnago Alejandro y Ra\u00fal Duarte. El equipo logr\u00f3 capturar 4 ejemplares y obtuvo un total de 54.20 puntos, de acuerdo a las planillas oficiales.<\/p>\n<p>El ganador del trofeo a Pieza Mayor fue Andr\u00e9s Gerardo Escobar, del equipo Luna Salvaje Pe\u00f1a \u201cEl gordo y el flaco\u201d, quien logr\u00f3 pescar un Surub\u00ed de 126 cent\u00edmetros en la Zona 14 de la cancha de pesca<\/p>\n<p>En esta oportunidad, hubo r\u00e9cord de participantes con 1.157 embarcaciones y m\u00e1s de 3.000 pescadores, seg\u00fan informaron fuentes oficiales.<\/p>\n<p><a href=\"https:\/\/infovera.com.ar\/web\/wp-content\/uploads\/2023\/04\/ganador.jpg\"><img loading=\"lazy\" decoding=\"async\" class=\"alignleft size-full wp-image-43722\" src=\"https:\/\/infovera.com.ar\/web\/wp-content\/uploads\/2023\/04\/ganador.jpg\" alt=\"\" width=\"1291\" height=\"938\" srcset=\"https:\/\/infovera.com.ar\/web\/wp-content\/uploads\/2023\/04\/ganador.jpg 1291w, https:\/\/infovera.com.ar\/web\/wp-content\/uploads\/2023\/04\/ganador-696x506.jpg 696w, https:\/\/infovera.com.ar\/web\/wp-content\/uploads\/2023\/04\/ganador-1068x776.jpg 1068w, https:\/\/infovera.com.ar\/web\/wp-content\/uploads\/2023\/04\/ganador-578x420.jpg 578w, https:\/\/infovera.com.ar\/web\/wp-content\/uploads\/2023\/04\/ganador-324x235.jpg 324w\" sizes=\"auto, (max-width: 1291px) 100vw, 1291px\" \/><\/a><\/p>\n<p><strong>R\u00e9cord<\/strong><\/p>\n<p>\u201cR\u00e9cord de equipos, artistas de nivel internacional, un clima ideal para la pesca, la altura justa del Paran\u00e1, el acondicionamiento de la playa y los espacios habilitados para la gran largada que se vivi\u00f3\u201d fueron los puntos fuertes que el presidente Pedro S\u00e1 de la comisi\u00f3n organizadora destac\u00f3 en su discurso, palabras que reflejaron adem\u00e1s su orgullo por todos los que trabajaron en cada detalle en cada pormenor para lograr una fiesta de esta magnitud.<\/p>\n<p>\u201cEl amor por nuestra fiesta, esa que eriza la piel, esa que te hace bailar cuando escuchas la canci\u00f3n, la que te hace emocionar cuando ves pasar a 1.157 embarcaciones, la que llega a todas partes del pa\u00eds en un canto, en el poema, es algo que no se compra con plata, recursos ni nada. Eso surge solo de una cosa: el amor de todos ustedes por su Fiesta Nacional del Surub\u00ed, y eso la hace m\u00e1s grande\u201d finaliz\u00f3 S\u00e1.<br \/>\nSeguido a ello, tom\u00f3 la palabra el director de Prensa de la Comis\u00f3n Municipal de Pesca, Alejandro Medina, para dar a conocer los resultados obtenidos seg\u00fan los datos suministrados por el centro de c\u00f3mputos y as\u00ed confirmar los ganadores del Concurso de Pesca 2023.<\/p>\n<p>Gabriel Zorat, Santiago Godeas y Federico Schneider, de Reconquista, obtuvieron una captura de 110 cm.<br \/>\nPescador fallecido<\/p>\n<p>Un pescador de la provincia Reconquista muri\u00f3 luego de sufrir una descompensaci\u00f3n card\u00edaca mientras participaba en la Fiesta Nacional del Surub\u00ed en Goya, confirmaron los organizadores.<\/p>\n<p>Hugo Daniel Romero, de 61 a\u00f1os, falleci\u00f3 a causa de un infarto al momento en que se hallaba embarcado junto al equipo de la pe\u00f1a Atl\u00e9tico y Tiro de la ciudad norte\u00f1a santafesina.<\/p>\n<p>Las fuentes inedicaron a la agencia T\u00e9lam que Romero se descompens\u00f3 anoche mientras cargaba combustible al motor de la lancha, tras lo cual fue asistido y trasladado al Hospital \u201cCamilo Muniagurria\u201d de la ciudad de Goya, donde se registr\u00f3 su fallecimiento.<\/p>\n<figure id=\"attachment_43719\" aria-describedby=\"caption-attachment-43719\" style=\"width: 960px\" class=\"wp-caption aligncenter\"><a href=\"https:\/\/infovera.com.ar\/web\/wp-content\/uploads\/2023\/04\/surubi.jpg\"><img loading=\"lazy\" decoding=\"async\" class=\"size-full wp-image-43719\" src=\"https:\/\/infovera.com.ar\/web\/wp-content\/uploads\/2023\/04\/surubi.jpg\" alt=\"\" width=\"960\" height=\"720\" srcset=\"https:\/\/infovera.com.ar\/web\/wp-content\/uploads\/2023\/04\/surubi.jpg 960w, https:\/\/infovera.com.ar\/web\/wp-content\/uploads\/2023\/04\/surubi-696x522.jpg 696w, https:\/\/infovera.com.ar\/web\/wp-content\/uploads\/2023\/04\/surubi-560x420.jpg 560w, https:\/\/infovera.com.ar\/web\/wp-content\/uploads\/2023\/04\/surubi-80x60.jpg 80w, https:\/\/infovera.com.ar\/web\/wp-content\/uploads\/2023\/04\/surubi-265x198.jpg 265w\" sizes=\"auto, (max-width: 960px) 100vw, 960px\" \/><\/a><figcaption id=\"caption-attachment-43719\" class=\"wp-caption-text\">Gabriel Zorat, Santiago Godeas y Federico Schneider, de Reconquista, obtuvieron una captura de 110 cm.<\/figcaption><\/figure>\n<p><strong>Fotos: Graciela De Giusti y Carlos del Zotto.<\/strong><\/p>\n","protected":false},"excerpt":{"rendered":"<p>Despu\u00e9s de una jornada nocturna de pesca se anunci\u00f3 este domingo a los ganadores de la competencia de categor\u00eda mundial. Participaron 1.157 embarcaciones y m\u00e1s de 3.000 pescadores. Un participante de Reconquista muri\u00f3 de un infarto durante el certamen. En conferencia de prensa y durante el acto de cierre de la 46\u00aa Edici\u00f3n de la [&hellip;]<\/p>\n","protected":false},"author":3,"featured_media":43729,"comment_status":"closed","ping_status":"closed","sticky":false,"template":"","format":"standard","meta":{"_joinchat":[],"footnotes":""},"categories":[31,55],"tags":[],"class_list":{"0":"post-43717","1":"post","2":"type-post","3":"status-publish","4":"format-standard","5":"has-post-thumbnail","7":"category-deportes","8":"category-reconquista"},"_links":{"self":[{"href":"https:\/\/infovera.com.ar\/web\/wp-json\/wp\/v2\/posts\/43717","targetHints":{"allow":["GET"]}}],"collection":[{"href":"https:\/\/infovera.com.ar\/web\/wp-json\/wp\/v2\/posts"}],"about":[{"href":"https:\/\/infovera.com.ar\/web\/wp-json\/wp\/v2\/types\/post"}],"author":[{"embeddable":true,"href":"https:\/\/infovera.com.ar\/web\/wp-json\/wp\/v2\/users\/3"}],"replies":[{"embeddable":true,"href":"https:\/\/infovera.com.ar\/web\/wp-json\/wp\/v2\/comments?post=43717"}],"version-history":[{"count":0,"href":"https:\/\/infovera.com.ar\/web\/wp-json\/wp\/v2\/posts\/43717\/revisions"}],"wp:featuredmedia":[{"embeddable":true,"href":"https:\/\/infovera.com.ar\/web\/wp-json\/wp\/v2\/media\/43729"}],"wp:attachment":[{"href":"https:\/\/infovera.com.ar\/web\/wp-json\/wp\/v2\/media?parent=43717"}],"wp:term":[{"taxonomy":"category","embeddable":true,"href":"https:\/\/infovera.com.ar\/web\/wp-json\/wp\/v2\/categories?post=43717"},{"taxonomy":"post_tag","embeddable":true,"href":"https:\/\/infovera.com.ar\/web\/wp-json\/wp\/v2\/tags?post=43717"}],"curies":[{"name":"wp","href":"https:\/\/api.w.org\/{rel}","templated":true}]}}